{"id":1206,"date":"2025-06-05T10:41:55","date_gmt":"2025-06-05T08:41:55","guid":{"rendered":"https:\/\/gitedupetitmingot.fr\/?p=1206"},"modified":"2025-09-25T14:53:17","modified_gmt":"2025-09-25T12:53:17","slug":"5-idees-de-sorties-nature-en-famille-pres-de-decize","status":"publish","type":"post","link":"https:\/\/gitedupetitmingot.fr\/index.php\/fr\/2025\/06\/05\/5-idees-de-sorties-nature-en-famille-pres-de-decize\/","title":{"rendered":"\ud83c\udf3f 5 id\u00e9es de sorties nature en famille pr\u00e8s de Decize"},"content":{"rendered":"\t\t<div data-elementor-type=\"wp-post\" data-elementor-id=\"1206\" class=\"elementor elementor-1206\" data-elementor-post-type=\"post\">\n\t\t\t\t\t\t<section class=\"elementor-section elementor-top-section elementor-element elementor-element-c2cb4c1 elementor-section-boxed elementor-section-height-default elementor-section-height-default\" data-id=\"c2cb4c1\" data-element_type=\"section\" data-e-type=\"section\">\n\t\t\t\t\t\t<div class=\"elementor-container elementor-column-gap-default\">\n\t\t\t\t\t<div class=\"elementor-column elementor-col-100 elementor-top-column elementor-element elementor-element-63f7728\" data-id=\"63f7728\" data-element_type=\"column\" data-e-type=\"column\">\n\t\t\t<div class=\"elementor-widget-wrap elementor-element-populated\">\n\t\t\t\t\t\t<div class=\"elementor-element elementor-element-17c5c6f elementor-widget elementor-widget-text-editor\" data-id=\"17c5c6f\" data-element_type=\"widget\" data-e-type=\"widget\" data-widget_type=\"text-editor.default\">\n\t\t\t\t<div class=\"elementor-widget-container\">\n\t\t\t\t\t\t\t\t\t<p>Envie de vous reconnecter \u00e0 la nature avec vos enfants pendant vos vacances en famille dans la Ni\u00e8vre ? Autour de Decize, les paysages du sud nivernais offrent une multitude d\u2019activit\u00e9s \u00e0 faire en plein air, loin de l\u2019agitation, dans un cadre calme et pr\u00e9serv\u00e9.<br \/><strong>Voici 5 id\u00e9es de sorties nature, accessibles \u00e0 tous, \u00e0 moins de 45 minutes du G\u00eete du Petit Mingot.<\/strong><\/p>\t\t\t\t\t\t\t\t<\/div>\n\t\t\t\t<\/div>\n\t\t\t\t<div class=\"elementor-element elementor-element-65ecca8 elementor-widget elementor-widget-image\" data-id=\"65ecca8\" data-element_type=\"widget\" data-e-type=\"widget\" data-widget_type=\"image.default\">\n\t\t\t\t<div class=\"elementor-widget-container\">\n\t\t\t\t\t\t\t\t\t\t\t\t<figure class=\"wp-caption\">\n\t\t\t\t\t\t\t\t\t\t<img fetchpriority=\"high\" decoding=\"async\" width=\"1600\" height=\"900\" src=\"https:\/\/gitedupetitmingot.fr\/wp-content\/uploads\/2025\/06\/e4f639eb8aaf4ca3cb2ad3de51601498-Druy-163031-CCSN-1600x900-1-jpg.webp\" class=\"attachment-full size-full wp-image-1229\" alt=\"\" srcset=\"https:\/\/gitedupetitmingot.fr\/wp-content\/uploads\/2025\/06\/e4f639eb8aaf4ca3cb2ad3de51601498-Druy-163031-CCSN-1600x900-1-jpg.webp 1600w, https:\/\/gitedupetitmingot.fr\/wp-content\/uploads\/2025\/06\/e4f639eb8aaf4ca3cb2ad3de51601498-Druy-163031-CCSN-1600x900-1-300x169.webp 300w, https:\/\/gitedupetitmingot.fr\/wp-content\/uploads\/2025\/06\/e4f639eb8aaf4ca3cb2ad3de51601498-Druy-163031-CCSN-1600x900-1-1024x576.webp 1024w, https:\/\/gitedupetitmingot.fr\/wp-content\/uploads\/2025\/06\/e4f639eb8aaf4ca3cb2ad3de51601498-Druy-163031-CCSN-1600x900-1-768x432.webp 768w, https:\/\/gitedupetitmingot.fr\/wp-content\/uploads\/2025\/06\/e4f639eb8aaf4ca3cb2ad3de51601498-Druy-163031-CCSN-1600x900-1-1536x864.webp 1536w\" sizes=\"(max-width: 1600px) 100vw, 1600px\" \/>\t\t\t\t\t\t\t\t\t\t\t<figcaption class=\"widget-image-caption wp-caption-text\">Cr\u00e9dit photo : www.bourgogne-tourisme.com<\/figcaption>\n\t\t\t\t\t\t\t\t\t\t<\/figure>\n\t\t\t\t\t\t\t\t\t<\/div>\n\t\t\t\t<\/div>\n\t\t\t\t<div class=\"elementor-element elementor-element-3f5cac3 elementor-headline--style-highlight elementor-widget elementor-widget-animated-headline\" data-id=\"3f5cac3\" data-element_type=\"widget\" data-e-type=\"widget\" data-settings=\"{&quot;highlighted_text&quot;:&quot;1&quot;,&quot;headline_style&quot;:&quot;highlight&quot;,&quot;marker&quot;:&quot;circle&quot;,&quot;loop&quot;:&quot;yes&quot;,&quot;highlight_animation_duration&quot;:1200,&quot;highlight_iteration_delay&quot;:8000}\" data-widget_type=\"animated-headline.default\">\n\t\t\t\t<div class=\"elementor-widget-container\">\n\t\t\t\t\t\t\t<h3 class=\"elementor-headline\">\n\t\t\t\t<span class=\"elementor-headline-dynamic-wrapper elementor-headline-text-wrapper\">\n\t\t\t\t\t<span class=\"elementor-headline-dynamic-text elementor-headline-text-active\">1<\/span>\n\t\t\t\t<\/span>\n\t\t\t\t<\/h3>\n\t\t\t\t\t\t<\/div>\n\t\t\t\t<\/div>\n\t\t\t\t<div class=\"elementor-element elementor-element-65f665e elementor-invisible elementor-widget elementor-widget-heading\" data-id=\"65f665e\" data-element_type=\"widget\" data-e-type=\"widget\" data-settings=\"{&quot;_animation&quot;:&quot;fadeInUp&quot;}\" data-widget_type=\"heading.default\">\n\t\t\t\t<div class=\"elementor-widget-container\">\n\t\t\t\t\t<h2 class=\"elementor-heading-title elementor-size-default\"><b>\ud83e\udd7e Le Chemin des Druydes \n<\/b> <br> \u00e0 Druy-Parigny <\/br><\/h2>\t\t\t\t<\/div>\n\t\t\t\t<\/div>\n\t\t\t\t<div class=\"elementor-element elementor-element-f3f04ed elementor-widget elementor-widget-text-editor\" data-id=\"f3f04ed\" data-element_type=\"widget\" data-e-type=\"widget\" data-widget_type=\"text-editor.default\">\n\t\t\t\t<div class=\"elementor-widget-container\">\n\t\t\t\t\t\t\t\t\t<p><strong>Distance depuis le g\u00eete<\/strong> : Au d\u00e9part du g\u00eete<br \/><strong>Dur\u00e9e<\/strong> : environ 1h15\u00a0<br \/><strong>Niveau<\/strong> : tr\u00e8s facile<\/p><p>Une boucle familiale id\u00e9ale pour les jeunes enfants, entre champs et petits bois. L\u2019occasion parfaite pour une balade matinale ou digestive, au calme, sans difficult\u00e9. Pr\u00e9voyez un petit go\u00fbter \u00e0 savourer sur le chemin !<\/p>\t\t\t\t\t\t\t\t<\/div>\n\t\t\t\t<\/div>\n\t\t\t\t<div class=\"elementor-element elementor-element-89ac12d elementor-align-center elementor-widget elementor-widget-button\" data-id=\"89ac12d\" data-element_type=\"widget\" data-e-type=\"widget\" data-widget_type=\"button.default\">\n\t\t\t\t<div class=\"elementor-widget-container\">\n\t\t\t\t\t\t\t\t\t<div class=\"elementor-button-wrapper\">\n\t\t\t\t\t<a class=\"elementor-button elementor-button-link elementor-size-sm\" href=\"https:\/\/www.nievre-tourisme.com\/sit\/randonnee-a-druy-parigny-boucle-le-chemin-des-druydes\">\n\t\t\t\t\t\t<span class=\"elementor-button-content-wrapper\">\n\t\t\t\t\t\t<span class=\"elementor-button-icon\">\n\t\t\t\t<i aria-hidden=\"true\" class=\"fas fa-long-arrow-alt-right\"><\/i>\t\t\t<\/span>\n\t\t\t\t\t\t\t\t\t<span class=\"elementor-button-text\">En savoir plus <\/span>\n\t\t\t\t\t<\/span>\n\t\t\t\t\t<\/a>\n\t\t\t\t<\/div>\n\t\t\t\t\t\t\t\t<\/div>\n\t\t\t\t<\/div>\n\t\t\t\t<div class=\"elementor-element elementor-element-baef5c2 elementor-widget elementor-widget-image\" data-id=\"baef5c2\" data-element_type=\"widget\" data-e-type=\"widget\" data-widget_type=\"image.default\">\n\t\t\t\t<div class=\"elementor-widget-container\">\n\t\t\t\t\t\t\t\t\t\t\t\t<figure class=\"wp-caption\">\n\t\t\t\t\t\t\t\t\t\t<img decoding=\"async\" width=\"1600\" height=\"900\" src=\"https:\/\/gitedupetitmingot.fr\/wp-content\/uploads\/2025\/06\/5bc091fedac87_canal_du_nivernais_alain_doire-bfc_tourisme-1600x900-1-jpg.webp\" class=\"attachment-full size-full wp-image-1231\" alt=\"\" srcset=\"https:\/\/gitedupetitmingot.fr\/wp-content\/uploads\/2025\/06\/5bc091fedac87_canal_du_nivernais_alain_doire-bfc_tourisme-1600x900-1-jpg.webp 1600w, https:\/\/gitedupetitmingot.fr\/wp-content\/uploads\/2025\/06\/5bc091fedac87_canal_du_nivernais_alain_doire-bfc_tourisme-1600x900-1-300x169.webp 300w, https:\/\/gitedupetitmingot.fr\/wp-content\/uploads\/2025\/06\/5bc091fedac87_canal_du_nivernais_alain_doire-bfc_tourisme-1600x900-1-1024x576.webp 1024w, https:\/\/gitedupetitmingot.fr\/wp-content\/uploads\/2025\/06\/5bc091fedac87_canal_du_nivernais_alain_doire-bfc_tourisme-1600x900-1-768x432.webp 768w, https:\/\/gitedupetitmingot.fr\/wp-content\/uploads\/2025\/06\/5bc091fedac87_canal_du_nivernais_alain_doire-bfc_tourisme-1600x900-1-1536x864.webp 1536w\" sizes=\"(max-width: 1600px) 100vw, 1600px\" \/>\t\t\t\t\t\t\t\t\t\t\t<figcaption class=\"widget-image-caption wp-caption-text\">Cr\u00e9dit photo : Alain Doire<\/figcaption>\n\t\t\t\t\t\t\t\t\t\t<\/figure>\n\t\t\t\t\t\t\t\t\t<\/div>\n\t\t\t\t<\/div>\n\t\t\t\t<div class=\"elementor-element elementor-element-a658cb9 elementor-headline--style-highlight elementor-widget elementor-widget-animated-headline\" data-id=\"a658cb9\" data-element_type=\"widget\" data-e-type=\"widget\" data-settings=\"{&quot;highlighted_text&quot;:&quot;2&quot;,&quot;headline_style&quot;:&quot;highlight&quot;,&quot;marker&quot;:&quot;circle&quot;,&quot;loop&quot;:&quot;yes&quot;,&quot;highlight_animation_duration&quot;:1200,&quot;highlight_iteration_delay&quot;:8000}\" data-widget_type=\"animated-headline.default\">\n\t\t\t\t<div class=\"elementor-widget-container\">\n\t\t\t\t\t\t\t<h3 class=\"elementor-headline\">\n\t\t\t\t<span class=\"elementor-headline-dynamic-wrapper elementor-headline-text-wrapper\">\n\t\t\t\t\t<span class=\"elementor-headline-dynamic-text elementor-headline-text-active\">2<\/span>\n\t\t\t\t<\/span>\n\t\t\t\t<\/h3>\n\t\t\t\t\t\t<\/div>\n\t\t\t\t<\/div>\n\t\t\t\t<div class=\"elementor-element elementor-element-9997046 elementor-invisible elementor-widget elementor-widget-heading\" data-id=\"9997046\" data-element_type=\"widget\" data-e-type=\"widget\" data-settings=\"{&quot;_animation&quot;:&quot;fadeInUp&quot;}\" data-widget_type=\"heading.default\">\n\t\t\t\t<div class=\"elementor-widget-container\">\n\t\t\t\t\t<h2 class=\"elementor-heading-title elementor-size-default\"><b>\ud83d\udeb2 2. Le Canal du Nivernais \u00e0 v\u00e9lo ou \u00e0 pied<br><\/b> d\u00e9part \u00e0 Decize<\/h2>\t\t\t\t<\/div>\n\t\t\t\t<\/div>\n\t\t\t\t<div class=\"elementor-element elementor-element-9749b69 elementor-widget elementor-widget-text-editor\" data-id=\"9749b69\" data-element_type=\"widget\" data-e-type=\"widget\" data-widget_type=\"text-editor.default\">\n\t\t\t\t<div class=\"elementor-widget-container\">\n\t\t\t\t\t\t\t\t\t<p><strong>Distance depuis le g\u00eete<\/strong> : 10 min<br \/><strong>Activit\u00e9<\/strong> : balade \u00e0 v\u00e9lo ou promenade en bord d\u2019eau<\/p><p>L\u2019un des plus beaux canaux de France ! Depuis Decize, suivez la voie verte en toute s\u00e9curit\u00e9, avec des paysages paisibles entre \u00e9cluses, p\u00e9niches et campagne. Id\u00e9al avec une carriole ou pour initier les enfants au v\u00e9lo.<\/p>\t\t\t\t\t\t\t\t<\/div>\n\t\t\t\t<\/div>\n\t\t\t\t<div class=\"elementor-element elementor-element-4b1bc5e elementor-align-center elementor-widget elementor-widget-button\" data-id=\"4b1bc5e\" data-element_type=\"widget\" data-e-type=\"widget\" data-widget_type=\"button.default\">\n\t\t\t\t<div class=\"elementor-widget-container\">\n\t\t\t\t\t\t\t\t\t<div class=\"elementor-button-wrapper\">\n\t\t\t\t\t<a class=\"elementor-button elementor-button-link elementor-size-sm\" href=\"https:\/\/www.nievre-tourisme.com\/decouvrez-la-nievre\/destinations\/le-canal-du-nivernais\/\">\n\t\t\t\t\t\t<span class=\"elementor-button-content-wrapper\">\n\t\t\t\t\t\t<span class=\"elementor-button-icon\">\n\t\t\t\t<i aria-hidden=\"true\" class=\"fas fa-long-arrow-alt-right\"><\/i>\t\t\t<\/span>\n\t\t\t\t\t\t\t\t\t<span class=\"elementor-button-text\">En savoir plus <\/span>\n\t\t\t\t\t<\/span>\n\t\t\t\t\t<\/a>\n\t\t\t\t<\/div>\n\t\t\t\t\t\t\t\t<\/div>\n\t\t\t\t<\/div>\n\t\t\t\t<div class=\"elementor-element elementor-element-90f8550 elementor-widget elementor-widget-image\" data-id=\"90f8550\" data-element_type=\"widget\" data-e-type=\"widget\" data-widget_type=\"image.default\">\n\t\t\t\t<div class=\"elementor-widget-container\">\n\t\t\t\t\t\t\t\t\t\t\t\t<figure class=\"wp-caption\">\n\t\t\t\t\t\t\t\t\t\t<img decoding=\"async\" width=\"1280\" height=\"720\" src=\"https:\/\/gitedupetitmingot.fr\/wp-content\/uploads\/2025\/06\/coteau_de_chaumois.jpg\" class=\"attachment-full size-full wp-image-1232\" alt=\"\" srcset=\"https:\/\/gitedupetitmingot.fr\/wp-content\/uploads\/2025\/06\/coteau_de_chaumois.jpg 1280w, https:\/\/gitedupetitmingot.fr\/wp-content\/uploads\/2025\/06\/coteau_de_chaumois-300x169.webp 300w, https:\/\/gitedupetitmingot.fr\/wp-content\/uploads\/2025\/06\/coteau_de_chaumois-1024x576.webp 1024w, https:\/\/gitedupetitmingot.fr\/wp-content\/uploads\/2025\/06\/coteau_de_chaumois-768x432.webp 768w\" sizes=\"(max-width: 1280px) 100vw, 1280px\" \/>\t\t\t\t\t\t\t\t\t\t\t<figcaption class=\"widget-image-caption wp-caption-text\">Cr\u00e9dit photo : fetedelanature.com<\/figcaption>\n\t\t\t\t\t\t\t\t\t\t<\/figure>\n\t\t\t\t\t\t\t\t\t<\/div>\n\t\t\t\t<\/div>\n\t\t\t\t<div class=\"elementor-element elementor-element-e2ac79a elementor-headline--style-highlight elementor-widget elementor-widget-animated-headline\" data-id=\"e2ac79a\" data-element_type=\"widget\" data-e-type=\"widget\" data-settings=\"{&quot;highlighted_text&quot;:&quot;3&quot;,&quot;headline_style&quot;:&quot;highlight&quot;,&quot;marker&quot;:&quot;circle&quot;,&quot;loop&quot;:&quot;yes&quot;,&quot;highlight_animation_duration&quot;:1200,&quot;highlight_iteration_delay&quot;:8000}\" data-widget_type=\"animated-headline.default\">\n\t\t\t\t<div class=\"elementor-widget-container\">\n\t\t\t\t\t\t\t<h3 class=\"elementor-headline\">\n\t\t\t\t<span class=\"elementor-headline-dynamic-wrapper elementor-headline-text-wrapper\">\n\t\t\t\t\t<span class=\"elementor-headline-dynamic-text elementor-headline-text-active\">3<\/span>\n\t\t\t\t<\/span>\n\t\t\t\t<\/h3>\n\t\t\t\t\t\t<\/div>\n\t\t\t\t<\/div>\n\t\t\t\t<div class=\"elementor-element elementor-element-27615da elementor-invisible elementor-widget elementor-widget-heading\" data-id=\"27615da\" data-element_type=\"widget\" data-e-type=\"widget\" data-settings=\"{&quot;_animation&quot;:&quot;fadeInUp&quot;}\" data-widget_type=\"heading.default\">\n\t\t\t\t<div class=\"elementor-widget-container\">\n\t\t\t\t\t<h2 class=\"elementor-heading-title elementor-size-default\">\ud83e\udd8b <b>3. Le Coteau du Chaumois <\/b><br>  \u00e0 Parigny-les-Vaux <\/h2>\t\t\t\t<\/div>\n\t\t\t\t<\/div>\n\t\t\t\t<div class=\"elementor-element elementor-element-6796413 elementor-widget elementor-widget-text-editor\" data-id=\"6796413\" data-element_type=\"widget\" data-e-type=\"widget\" data-widget_type=\"text-editor.default\">\n\t\t\t\t<div class=\"elementor-widget-container\">\n\t\t\t\t\t\t\t\t\t<p><strong>Distance depuis le g\u00eete<\/strong> : 25 min<br \/><strong>Type<\/strong> : sentier nature p\u00e9dagogique<\/p><p>Un petit sentier am\u00e9nag\u00e9 sur un coteau calcaire, jalonn\u00e9 de panneaux explicatifs sur la faune, la flore et le paysage local. Tr\u00e8s facile, ludique et \u00e9ducatif : parfait pour une sortie nature avec de jeunes curieux !<\/p>\t\t\t\t\t\t\t\t<\/div>\n\t\t\t\t<\/div>\n\t\t\t\t<div class=\"elementor-element elementor-element-7bfb3da elementor-align-center elementor-widget elementor-widget-button\" data-id=\"7bfb3da\" data-element_type=\"widget\" data-e-type=\"widget\" data-widget_type=\"button.default\">\n\t\t\t\t<div class=\"elementor-widget-container\">\n\t\t\t\t\t\t\t\t\t<div class=\"elementor-button-wrapper\">\n\t\t\t\t\t<a class=\"elementor-button elementor-button-link elementor-size-sm\" href=\"https:\/\/www.nievre-tourisme.com\/espaces-naturels-sensibles\/sentier-de-la-nature-du-coteau-du-chaumois-a-parigny-les-vaux\">\n\t\t\t\t\t\t<span class=\"elementor-button-content-wrapper\">\n\t\t\t\t\t\t<span class=\"elementor-button-icon\">\n\t\t\t\t<i aria-hidden=\"true\" class=\"fas fa-long-arrow-alt-right\"><\/i>\t\t\t<\/span>\n\t\t\t\t\t\t\t\t\t<span class=\"elementor-button-text\">En savoir plus <\/span>\n\t\t\t\t\t<\/span>\n\t\t\t\t\t<\/a>\n\t\t\t\t<\/div>\n\t\t\t\t\t\t\t\t<\/div>\n\t\t\t\t<\/div>\n\t\t\t\t\t<\/div>\n\t\t<\/div>\n\t\t\t\t\t<\/div>\n\t\t<\/section>\n\t\t\t\t<section class=\"elementor-section elementor-top-section elementor-element elementor-element-b7010f2 elementor-section-boxed elementor-section-height-default elementor-section-height-default\" data-id=\"b7010f2\" data-element_type=\"section\" data-e-type=\"section\">\n\t\t\t\t\t\t<div class=\"elementor-container elementor-column-gap-default\">\n\t\t\t\t\t<div class=\"elementor-column elementor-col-100 elementor-top-column elementor-element elementor-element-81d36a3\" data-id=\"81d36a3\" data-element_type=\"column\" data-e-type=\"column\">\n\t\t\t<div class=\"elementor-widget-wrap elementor-element-populated\">\n\t\t\t\t\t\t<div class=\"elementor-element elementor-element-19042fd elementor-widget elementor-widget-image\" data-id=\"19042fd\" data-element_type=\"widget\" data-e-type=\"widget\" data-widget_type=\"image.default\">\n\t\t\t\t<div class=\"elementor-widget-container\">\n\t\t\t\t\t\t\t\t\t\t\t\t<figure class=\"wp-caption\">\n\t\t\t\t\t\t\t\t\t\t<img loading=\"lazy\" decoding=\"async\" width=\"1200\" height=\"800\" src=\"https:\/\/gitedupetitmingot.fr\/wp-content\/uploads\/2025\/06\/etang-grenetier-a-la-machine-28122-1200-800-jpg.webp\" class=\"attachment-full size-full wp-image-1233\" alt=\"\" srcset=\"https:\/\/gitedupetitmingot.fr\/wp-content\/uploads\/2025\/06\/etang-grenetier-a-la-machine-28122-1200-800-jpg.webp 1200w, https:\/\/gitedupetitmingot.fr\/wp-content\/uploads\/2025\/06\/etang-grenetier-a-la-machine-28122-1200-800-300x200.webp 300w, https:\/\/gitedupetitmingot.fr\/wp-content\/uploads\/2025\/06\/etang-grenetier-a-la-machine-28122-1200-800-1024x683.webp 1024w, https:\/\/gitedupetitmingot.fr\/wp-content\/uploads\/2025\/06\/etang-grenetier-a-la-machine-28122-1200-800-768x512.webp 768w\" sizes=\"(max-width: 1200px) 100vw, 1200px\" \/>\t\t\t\t\t\t\t\t\t\t\t<figcaption class=\"widget-image-caption wp-caption-text\">Cr\u00e9dit photo :www.guide-piscine.fr<\/figcaption>\n\t\t\t\t\t\t\t\t\t\t<\/figure>\n\t\t\t\t\t\t\t\t\t<\/div>\n\t\t\t\t<\/div>\n\t\t\t\t<div class=\"elementor-element elementor-element-0240474 elementor-headline--style-highlight elementor-widget elementor-widget-animated-headline\" data-id=\"0240474\" data-element_type=\"widget\" data-e-type=\"widget\" data-settings=\"{&quot;highlighted_text&quot;:&quot;4&quot;,&quot;headline_style&quot;:&quot;highlight&quot;,&quot;marker&quot;:&quot;circle&quot;,&quot;loop&quot;:&quot;yes&quot;,&quot;highlight_animation_duration&quot;:1200,&quot;highlight_iteration_delay&quot;:8000}\" data-widget_type=\"animated-headline.default\">\n\t\t\t\t<div class=\"elementor-widget-container\">\n\t\t\t\t\t\t\t<h3 class=\"elementor-headline\">\n\t\t\t\t<span class=\"elementor-headline-dynamic-wrapper elementor-headline-text-wrapper\">\n\t\t\t\t\t<span class=\"elementor-headline-dynamic-text elementor-headline-text-active\">4<\/span>\n\t\t\t\t<\/span>\n\t\t\t\t<\/h3>\n\t\t\t\t\t\t<\/div>\n\t\t\t\t<\/div>\n\t\t\t\t\t<\/div>\n\t\t<\/div>\n\t\t\t\t\t<\/div>\n\t\t<\/section>\n\t\t\t\t<section class=\"elementor-section elementor-top-section elementor-element elementor-element-db56fb3 elementor-section-boxed elementor-section-height-default elementor-section-height-default\" data-id=\"db56fb3\" data-element_type=\"section\" data-e-type=\"section\">\n\t\t\t\t\t\t<div class=\"elementor-container elementor-column-gap-default\">\n\t\t\t\t\t<div class=\"elementor-column elementor-col-100 elementor-top-column elementor-element elementor-element-e2fdaa4\" data-id=\"e2fdaa4\" data-element_type=\"column\" data-e-type=\"column\">\n\t\t\t<div class=\"elementor-widget-wrap elementor-element-populated\">\n\t\t\t\t\t\t<div class=\"elementor-element elementor-element-44befeb elementor-invisible elementor-widget elementor-widget-heading\" data-id=\"44befeb\" data-element_type=\"widget\" data-e-type=\"widget\" data-settings=\"{&quot;_animation&quot;:&quot;fadeInUp&quot;}\" data-widget_type=\"heading.default\">\n\t\t\t\t<div class=\"elementor-widget-container\">\n\t\t\t\t\t<h2 class=\"elementor-heading-title elementor-size-default\"><b>\ud83d\udc1f Pique-nique et baignade \u00e0 l\u2019\u00c9tang Grenetier <br><\/b> \u00e0 Champvert <br><\/h2>\t\t\t\t<\/div>\n\t\t\t\t<\/div>\n\t\t\t\t<div class=\"elementor-element elementor-element-a528bfb elementor-widget elementor-widget-text-editor\" data-id=\"a528bfb\" data-element_type=\"widget\" data-e-type=\"widget\" data-widget_type=\"text-editor.default\">\n\t\t\t\t<div class=\"elementor-widget-container\">\n\t\t\t\t\t\t\t\t\t<p><strong>Distance depuis le g\u00eete<\/strong> : 15 min<br \/>Profitez de ce bel \u00e9tang pour un moment de d\u00e9tente : pique-nique \u00e0 l\u2019ombre, petite baignade surveill\u00e9e selon la saison, ou initiation \u00e0 la p\u00eache pour les enfants. Un coin tranquille et peu fr\u00e9quent\u00e9, tr\u00e8s agr\u00e9able aux beaux jours.<\/p>\t\t\t\t\t\t\t\t<\/div>\n\t\t\t\t<\/div>\n\t\t\t\t<div class=\"elementor-element elementor-element-2b187a3 elementor-align-center elementor-widget elementor-widget-button\" data-id=\"2b187a3\" data-element_type=\"widget\" data-e-type=\"widget\" data-widget_type=\"button.default\">\n\t\t\t\t<div class=\"elementor-widget-container\">\n\t\t\t\t\t\t\t\t\t<div class=\"elementor-button-wrapper\">\n\t\t\t\t\t<a class=\"elementor-button elementor-button-link elementor-size-sm\" href=\"https:\/\/www.bourgogne-tourisme.com\/baignade\/base-de-loisirs-de-letang-grenetier\">\n\t\t\t\t\t\t<span class=\"elementor-button-content-wrapper\">\n\t\t\t\t\t\t<span class=\"elementor-button-icon\">\n\t\t\t\t<i aria-hidden=\"true\" class=\"fas fa-long-arrow-alt-right\"><\/i>\t\t\t<\/span>\n\t\t\t\t\t\t\t\t\t<span class=\"elementor-button-text\">En savoir plus <\/span>\n\t\t\t\t\t<\/span>\n\t\t\t\t\t<\/a>\n\t\t\t\t<\/div>\n\t\t\t\t\t\t\t\t<\/div>\n\t\t\t\t<\/div>\n\t\t\t\t\t<\/div>\n\t\t<\/div>\n\t\t\t\t\t<\/div>\n\t\t<\/section>\n\t\t\t\t<section class=\"elementor-section elementor-top-section elementor-element elementor-element-6efba31 elementor-section-boxed elementor-section-height-default elementor-section-height-default\" data-id=\"6efba31\" data-element_type=\"section\" data-e-type=\"section\">\n\t\t\t\t\t\t<div class=\"elementor-container elementor-column-gap-default\">\n\t\t\t\t\t<div class=\"elementor-column elementor-col-100 elementor-top-column elementor-element elementor-element-1ab3049\" data-id=\"1ab3049\" data-element_type=\"column\" data-e-type=\"column\">\n\t\t\t<div class=\"elementor-widget-wrap elementor-element-populated\">\n\t\t\t\t\t\t<div class=\"elementor-element elementor-element-bd309e0 elementor-widget elementor-widget-image\" data-id=\"bd309e0\" data-element_type=\"widget\" data-e-type=\"widget\" data-widget_type=\"image.default\">\n\t\t\t\t<div class=\"elementor-widget-container\">\n\t\t\t\t\t\t\t\t\t\t\t\t<figure class=\"wp-caption\">\n\t\t\t\t\t\t\t\t\t\t<img loading=\"lazy\" decoding=\"async\" width=\"1600\" height=\"900\" src=\"https:\/\/gitedupetitmingot.fr\/wp-content\/uploads\/2025\/06\/entete-etang-de-vaux-et-baye-lezbroz-1600x900-1-jpg.webp\" class=\"attachment-full size-full wp-image-1241\" alt=\"\" srcset=\"https:\/\/gitedupetitmingot.fr\/wp-content\/uploads\/2025\/06\/entete-etang-de-vaux-et-baye-lezbroz-1600x900-1-jpg.webp 1600w, https:\/\/gitedupetitmingot.fr\/wp-content\/uploads\/2025\/06\/entete-etang-de-vaux-et-baye-lezbroz-1600x900-1-300x169.webp 300w, https:\/\/gitedupetitmingot.fr\/wp-content\/uploads\/2025\/06\/entete-etang-de-vaux-et-baye-lezbroz-1600x900-1-1024x576.webp 1024w, https:\/\/gitedupetitmingot.fr\/wp-content\/uploads\/2025\/06\/entete-etang-de-vaux-et-baye-lezbroz-1600x900-1-768x432.webp 768w, https:\/\/gitedupetitmingot.fr\/wp-content\/uploads\/2025\/06\/entete-etang-de-vaux-et-baye-lezbroz-1600x900-1-1536x864.webp 1536w\" sizes=\"(max-width: 1600px) 100vw, 1600px\" \/>\t\t\t\t\t\t\t\t\t\t\t<figcaption class=\"widget-image-caption wp-caption-text\">Cr\u00e9dit photo :www.guide-piscine.fr<\/figcaption>\n\t\t\t\t\t\t\t\t\t\t<\/figure>\n\t\t\t\t\t\t\t\t\t<\/div>\n\t\t\t\t<\/div>\n\t\t\t\t<div class=\"elementor-element elementor-element-d1d06b3 elementor-headline--style-highlight elementor-widget elementor-widget-animated-headline\" data-id=\"d1d06b3\" data-element_type=\"widget\" data-e-type=\"widget\" data-settings=\"{&quot;highlighted_text&quot;:&quot;5&quot;,&quot;headline_style&quot;:&quot;highlight&quot;,&quot;marker&quot;:&quot;circle&quot;,&quot;loop&quot;:&quot;yes&quot;,&quot;highlight_animation_duration&quot;:1200,&quot;highlight_iteration_delay&quot;:8000}\" data-widget_type=\"animated-headline.default\">\n\t\t\t\t<div class=\"elementor-widget-container\">\n\t\t\t\t\t\t\t<h3 class=\"elementor-headline\">\n\t\t\t\t<span class=\"elementor-headline-dynamic-wrapper elementor-headline-text-wrapper\">\n\t\t\t\t\t<span class=\"elementor-headline-dynamic-text elementor-headline-text-active\">5<\/span>\n\t\t\t\t<\/span>\n\t\t\t\t<\/h3>\n\t\t\t\t\t\t<\/div>\n\t\t\t\t<\/div>\n\t\t\t\t<div class=\"elementor-element elementor-element-351ffcc elementor-invisible elementor-widget elementor-widget-heading\" data-id=\"351ffcc\" data-element_type=\"widget\" data-e-type=\"widget\" data-settings=\"{&quot;_animation&quot;:&quot;fadeInUp&quot;}\" data-widget_type=\"heading.default\">\n\t\t\t\t<div class=\"elementor-widget-container\">\n\t\t\t\t\t<h2 class=\"elementor-heading-title elementor-size-default\"><b>\ud83c\udf32 Journ\u00e9e aux \u00e9tangs de Vaux et Baye<\/b><\/h2>\t\t\t\t<\/div>\n\t\t\t\t<\/div>\n\t\t\t\t<div class=\"elementor-element elementor-element-7f09f5f elementor-widget elementor-widget-text-editor\" data-id=\"7f09f5f\" data-element_type=\"widget\" data-e-type=\"widget\" data-widget_type=\"text-editor.default\">\n\t\t\t\t<div class=\"elementor-widget-container\">\n\t\t\t\t\t\t\t\t\t<p><strong>Distance depuis le g\u00eete<\/strong> : 40 min<br \/><strong>Activit\u00e9s<\/strong> : baignade, p\u00e9dalo, randonn\u00e9e, nature<\/p><p>Deux grands \u00e9tangs parfaits pour une journ\u00e9e en famille : plage am\u00e9nag\u00e9e, activit\u00e9s nautiques (cano\u00eb, p\u00e9dalo), balades dans les bois alentours. Possibilit\u00e9 d\u2019observer les oiseaux ou simplement poser la serviette au soleil. Une escapade parfaite !<\/p>\t\t\t\t\t\t\t\t<\/div>\n\t\t\t\t<\/div>\n\t\t\t\t<div class=\"elementor-element elementor-element-839dffc elementor-align-center elementor-widget elementor-widget-button\" data-id=\"839dffc\" data-element_type=\"widget\" data-e-type=\"widget\" data-widget_type=\"button.default\">\n\t\t\t\t<div class=\"elementor-widget-container\">\n\t\t\t\t\t\t\t\t\t<div class=\"elementor-button-wrapper\">\n\t\t\t\t\t<a class=\"elementor-button elementor-button-link elementor-size-sm\" href=\"https:\/\/www.nievre-tourisme.com\/decouvrez-la-nievre\/destinations\/le-canal-du-nivernais\/etangs-baye-et-vaux\/\">\n\t\t\t\t\t\t<span class=\"elementor-button-content-wrapper\">\n\t\t\t\t\t\t<span class=\"elementor-button-icon\">\n\t\t\t\t<i aria-hidden=\"true\" class=\"fas fa-long-arrow-alt-right\"><\/i>\t\t\t<\/span>\n\t\t\t\t\t\t\t\t\t<span class=\"elementor-button-text\">En savoir plus <\/span>\n\t\t\t\t\t<\/span>\n\t\t\t\t\t<\/a>\n\t\t\t\t<\/div>\n\t\t\t\t\t\t\t\t<\/div>\n\t\t\t\t<\/div>\n\t\t\t\t\t<\/div>\n\t\t<\/div>\n\t\t\t\t\t<\/div>\n\t\t<\/section>\n\t\t\t\t<section class=\"elementor-section elementor-top-section elementor-element elementor-element-f8df91e elementor-section-boxed elementor-section-height-default elementor-section-height-default\" data-id=\"f8df91e\" data-element_type=\"section\" data-e-type=\"section\" data-settings=\"{&quot;background_background&quot;:&quot;classic&quot;}\">\n\t\t\t\t\t\t<div class=\"elementor-container elementor-column-gap-default\">\n\t\t\t\t\t<div class=\"elementor-column elementor-col-100 elementor-top-column elementor-element elementor-element-86ab0c9\" data-id=\"86ab0c9\" data-element_type=\"column\" data-e-type=\"column\">\n\t\t\t<div class=\"elementor-widget-wrap elementor-element-populated\">\n\t\t\t\t\t\t<div class=\"elementor-element elementor-element-39a3816 elementor-widget elementor-widget-image\" data-id=\"39a3816\" data-element_type=\"widget\" data-e-type=\"widget\" data-widget_type=\"image.default\">\n\t\t\t\t<div class=\"elementor-widget-container\">\n\t\t\t\t\t\t\t\t\t\t\t\t<figure class=\"wp-caption\">\n\t\t\t\t\t\t\t\t\t\t<img loading=\"lazy\" decoding=\"async\" width=\"1920\" height=\"1080\" src=\"https:\/\/gitedupetitmingot.fr\/wp-content\/uploads\/2025\/06\/Gite-du-petit-Mingot-6-1.jpg\" class=\"attachment-full size-full wp-image-987\" alt=\"\" srcset=\"https:\/\/gitedupetitmingot.fr\/wp-content\/uploads\/2025\/06\/Gite-du-petit-Mingot-6-1.jpg 1920w, https:\/\/gitedupetitmingot.fr\/wp-content\/uploads\/2025\/06\/Gite-du-petit-Mingot-6-1-300x169.jpg 300w, https:\/\/gitedupetitmingot.fr\/wp-content\/uploads\/2025\/06\/Gite-du-petit-Mingot-6-1-1024x576.jpg 1024w, https:\/\/gitedupetitmingot.fr\/wp-content\/uploads\/2025\/06\/Gite-du-petit-Mingot-6-1-768x432.jpg 768w, https:\/\/gitedupetitmingot.fr\/wp-content\/uploads\/2025\/06\/Gite-du-petit-Mingot-6-1-1536x864.jpg 1536w\" sizes=\"(max-width: 1920px) 100vw, 1920px\" \/>\t\t\t\t\t\t\t\t\t\t\t<figcaption class=\"widget-image-caption wp-caption-text\">Cr\u00e9dit photo :www.guide-piscine.fr<\/figcaption>\n\t\t\t\t\t\t\t\t\t\t<\/figure>\n\t\t\t\t\t\t\t\t\t<\/div>\n\t\t\t\t<\/div>\n\t\t\t\t<div class=\"elementor-element elementor-element-faca09d elementor-headline--style-highlight elementor-widget elementor-widget-animated-headline\" data-id=\"faca09d\" data-element_type=\"widget\" data-e-type=\"widget\" data-settings=\"{&quot;marker&quot;:&quot;underline&quot;,&quot;highlighted_text&quot;:&quot;+ du G\\u00eete du Petit Mingot \\u2600\\ufe0f&quot;,&quot;headline_style&quot;:&quot;highlight&quot;,&quot;loop&quot;:&quot;yes&quot;,&quot;highlight_animation_duration&quot;:1200,&quot;highlight_iteration_delay&quot;:8000}\" data-widget_type=\"animated-headline.default\">\n\t\t\t\t<div class=\"elementor-widget-container\">\n\t\t\t\t\t\t\t<h3 class=\"elementor-headline\">\n\t\t\t\t\t<span class=\"elementor-headline-plain-text elementor-headline-text-wrapper\">Le <\/span>\n\t\t\t\t<span class=\"elementor-headline-dynamic-wrapper elementor-headline-text-wrapper\">\n\t\t\t\t\t<span class=\"elementor-headline-dynamic-text elementor-headline-text-active\">+ du G\u00eete du Petit Mingot \u2600\ufe0f<\/span>\n\t\t\t\t<\/span>\n\t\t\t\t<\/h3>\n\t\t\t\t\t\t<\/div>\n\t\t\t\t<\/div>\n\t\t\t\t<div class=\"elementor-element elementor-element-a797a79 elementor-widget elementor-widget-text-editor\" data-id=\"a797a79\" data-element_type=\"widget\" data-e-type=\"widget\" data-widget_type=\"text-editor.default\">\n\t\t\t\t<div class=\"elementor-widget-container\">\n\t\t\t\t\t\t\t\t\t<p>En logeant chez nous, vous \u00eates \u00e0 deux pas de toutes ces activit\u00e9s. Et pour prolonger la journ\u00e9e nature, notre <strong>plan d\u2019eau priv\u00e9<\/strong> est accessible aux h\u00f4tes : baignade, p\u00eache, lecture au bord de l\u2019eau\u2026 Le calme \u00e0 port\u00e9e de main.<\/p>\t\t\t\t\t\t\t\t<\/div>\n\t\t\t\t<\/div>\n\t\t\t\t<div class=\"elementor-element elementor-element-0f2f8db elementor-align-center elementor-widget elementor-widget-button\" data-id=\"0f2f8db\" data-element_type=\"widget\" data-e-type=\"widget\" data-widget_type=\"button.default\">\n\t\t\t\t<div class=\"elementor-widget-container\">\n\t\t\t\t\t\t\t\t\t<div class=\"elementor-button-wrapper\">\n\t\t\t\t\t<a class=\"elementor-button elementor-button-link elementor-size-sm\" href=\"https:\/\/www.gites-de-france.com\/fr\/bourgogne-franche-comte\/nievre\/le-petit-mingot-h58g028308\">\n\t\t\t\t\t\t<span class=\"elementor-button-content-wrapper\">\n\t\t\t\t\t\t<span class=\"elementor-button-icon\">\n\t\t\t\t<i aria-hidden=\"true\" class=\"fas fa-long-arrow-alt-right\"><\/i>\t\t\t<\/span>\n\t\t\t\t\t\t\t\t\t<span class=\"elementor-button-text\">Voir les disponiblit\u00e9s <\/span>\n\t\t\t\t\t<\/span>\n\t\t\t\t\t<\/a>\n\t\t\t\t<\/div>\n\t\t\t\t\t\t\t\t<\/div>\n\t\t\t\t<\/div>\n\t\t\t\t\t<\/div>\n\t\t<\/div>\n\t\t\t\t\t<\/div>\n\t\t<\/section>\n\t\t\t\t<\/div>\n\t\t","protected":false},"excerpt":{"rendered":"<p>Envie de vous reconnecter \u00e0 la nature avec vos enfants pendant vos vacances en famille dans la Ni\u00e8vre ? Autour de Decize, les paysages du sud nivernais offrent une multitude d\u2019activit\u00e9s \u00e0 faire en plein air, loin de l\u2019agitation, dans un cadre calme et pr\u00e9serv\u00e9. Voici 5 id\u00e9es de sorties nature, accessibles \u00e0 tous, \u00e0 [&hellip;]<\/p>\n","protected":false},"author":1,"featured_media":1388,"comment_status":"closed","ping_status":"closed","sticky":false,"template":"","format":"standard","meta":{"site-sidebar-layout":"default","site-content-layout":"","ast-site-content-layout":"default","site-content-style":"default","site-sidebar-style":"default","ast-global-header-display":"","ast-banner-title-visibility":"","ast-main-header-display":"","ast-hfb-above-header-display":"","ast-hfb-below-header-display":"","ast-hfb-mobile-header-display":"","site-post-title":"","ast-breadcrumbs-content":"","ast-featured-img":"","footer-sml-layout":"","ast-disable-related-posts":"","theme-transparent-header-meta":"default","adv-header-id-meta":"","stick-header-meta":"","header-above-stick-meta":"","header-main-stick-meta":"","header-below-stick-meta":"","astra-migrate-meta-layouts":"set","ast-page-background-enabled":"default","ast-page-background-meta":{"desktop":{"background-color":"","background-image":"","background-repeat":"repeat","background-position":"center center","background-size":"auto","background-attachment":"scroll","background-type":"","background-media":"","overlay-type":"","overlay-color":"","overlay-opacity":"","overlay-gradient":""},"tablet":{"background-color":"","background-image":"","background-repeat":"repeat","background-position":"center center","background-size":"auto","background-attachment":"scroll","background-type":"","background-media":"","overlay-type":"","overlay-color":"","overlay-opacity":"","overlay-gradient":""},"mobile":{"background-color":"","background-image":"","background-repeat":"repeat","background-position":"center center","background-size":"auto","background-attachment":"scroll","background-type":"","background-media":"","overlay-type":"","overlay-color":"","overlay-opacity":"","overlay-gradient":""}},"ast-content-background-meta":{"desktop":{"background-color":"var(--ast-global-color-5)","background-image":"","background-repeat":"repeat","background-position":"center center","background-size":"auto","background-attachment":"scroll","background-type":"","background-media":"","overlay-type":"","overlay-color":"","overlay-opacity":"","overlay-gradient":""},"tablet":{"background-color":"var(--ast-global-color-5)","background-image":"","background-repeat":"repeat","background-position":"center center","background-size":"auto","background-attachment":"scroll","background-type":"","background-media":"","overlay-type":"","overlay-color":"","overlay-opacity":"","overlay-gradient":""},"mobile":{"background-color":"var(--ast-global-color-5)","background-image":"","background-repeat":"repeat","background-position":"center center","background-size":"auto","background-attachment":"scroll","background-type":"","background-media":"","overlay-type":"","overlay-color":"","overlay-opacity":"","overlay-gradient":""}},"footnotes":""},"categories":[22],"tags":[],"class_list":["post-1206","post","type-post","status-publish","format-standard","has-post-thumbnail","hentry","category-uncategorized-fr"],"yoast_head":"<!-- This site is optimized with the Yoast SEO plugin v27.4 - https:\/\/yoast.com\/product\/yoast-seo-wordpress\/ -->\n<title>\ud83c\udf3f 5 id\u00e9es de sorties nature en famille pr\u00e8s de Decize - G\u00eete Le Petit Mingot<\/title>\n<meta name=\"robots\" content=\"index, follow, max-snippet:-1, max-image-preview:large, max-video-preview:-1\" \/>\n<link rel=\"canonical\" href=\"https:\/\/gitedupetitmingot.fr\/index.php\/fr\/2025\/06\/05\/5-idees-de-sorties-nature-en-famille-pres-de-decize\/\" \/>\n<meta property=\"og:locale\" content=\"en_US\" \/>\n<meta property=\"og:type\" content=\"article\" \/>\n<meta property=\"og:title\" content=\"\ud83c\udf3f 5 id\u00e9es de sorties nature en famille pr\u00e8s de Decize - G\u00eete Le Petit Mingot\" \/>\n<meta property=\"og:description\" content=\"Envie de vous reconnecter \u00e0 la nature avec vos enfants pendant vos vacances en famille dans la Ni\u00e8vre ? Autour de Decize, les paysages du sud nivernais offrent une multitude d\u2019activit\u00e9s \u00e0 faire en plein air, loin de l\u2019agitation, dans un cadre calme et pr\u00e9serv\u00e9. Voici 5 id\u00e9es de sorties nature, accessibles \u00e0 tous, \u00e0 [&hellip;]\" \/>\n<meta property=\"og:url\" content=\"https:\/\/gitedupetitmingot.fr\/index.php\/fr\/2025\/06\/05\/5-idees-de-sorties-nature-en-famille-pres-de-decize\/\" \/>\n<meta property=\"og:site_name\" content=\"G\u00eete Le Petit Mingot\" \/>\n<meta property=\"article:published_time\" content=\"2025-06-05T08:41:55+00:00\" \/>\n<meta property=\"article:modified_time\" content=\"2025-09-25T12:53:17+00:00\" \/>\n<meta property=\"og:image\" content=\"https:\/\/gitedupetitmingot.fr\/wp-content\/uploads\/2025\/06\/Decize-Gite-du-petit-Mingot-2-jpg.webp\" \/>\n\t<meta property=\"og:image:width\" content=\"1000\" \/>\n\t<meta property=\"og:image:height\" content=\"665\" \/>\n\t<meta property=\"og:image:type\" content=\"image\/jpeg\" \/>\n<meta name=\"author\" content=\"admin5570\" \/>\n<meta name=\"twitter:card\" content=\"summary_large_image\" \/>\n<meta name=\"twitter:label1\" content=\"Written by\" \/>\n\t<meta name=\"twitter:data1\" content=\"admin5570\" \/>\n\t<meta name=\"twitter:label2\" content=\"Est. reading time\" \/>\n\t<meta name=\"twitter:data2\" content=\"4 minutes\" \/>\n<script type=\"application\/ld+json\" class=\"yoast-schema-graph\">{\"@context\":\"https:\\\/\\\/schema.org\",\"@graph\":[{\"@type\":\"Article\",\"@id\":\"https:\\\/\\\/gitedupetitmingot.fr\\\/index.php\\\/fr\\\/2025\\\/06\\\/05\\\/5-idees-de-sorties-nature-en-famille-pres-de-decize\\\/#article\",\"isPartOf\":{\"@id\":\"https:\\\/\\\/gitedupetitmingot.fr\\\/index.php\\\/fr\\\/2025\\\/06\\\/05\\\/5-idees-de-sorties-nature-en-famille-pres-de-decize\\\/\"},\"author\":{\"name\":\"admin5570\",\"@id\":\"https:\\\/\\\/gitedupetitmingot.fr\\\/#\\\/schema\\\/person\\\/a68d2605e7b7f820e903517811913034\"},\"headline\":\"\ud83c\udf3f 5 id\u00e9es de sorties nature en famille pr\u00e8s de Decize\",\"datePublished\":\"2025-06-05T08:41:55+00:00\",\"dateModified\":\"2025-09-25T12:53:17+00:00\",\"mainEntityOfPage\":{\"@id\":\"https:\\\/\\\/gitedupetitmingot.fr\\\/index.php\\\/fr\\\/2025\\\/06\\\/05\\\/5-idees-de-sorties-nature-en-famille-pres-de-decize\\\/\"},\"wordCount\":480,\"publisher\":{\"@id\":\"https:\\\/\\\/gitedupetitmingot.fr\\\/#organization\"},\"image\":{\"@id\":\"https:\\\/\\\/gitedupetitmingot.fr\\\/index.php\\\/fr\\\/2025\\\/06\\\/05\\\/5-idees-de-sorties-nature-en-famille-pres-de-decize\\\/#primaryimage\"},\"thumbnailUrl\":\"https:\\\/\\\/gitedupetitmingot.fr\\\/wp-content\\\/uploads\\\/2025\\\/06\\\/Decize-Gite-du-petit-Mingot-2-jpg.webp\",\"inLanguage\":\"en-US\"},{\"@type\":\"WebPage\",\"@id\":\"https:\\\/\\\/gitedupetitmingot.fr\\\/index.php\\\/fr\\\/2025\\\/06\\\/05\\\/5-idees-de-sorties-nature-en-famille-pres-de-decize\\\/\",\"url\":\"https:\\\/\\\/gitedupetitmingot.fr\\\/index.php\\\/fr\\\/2025\\\/06\\\/05\\\/5-idees-de-sorties-nature-en-famille-pres-de-decize\\\/\",\"name\":\"\ud83c\udf3f 5 id\u00e9es de sorties nature en famille pr\u00e8s de Decize - G\u00eete Le Petit Mingot\",\"isPartOf\":{\"@id\":\"https:\\\/\\\/gitedupetitmingot.fr\\\/#website\"},\"primaryImageOfPage\":{\"@id\":\"https:\\\/\\\/gitedupetitmingot.fr\\\/index.php\\\/fr\\\/2025\\\/06\\\/05\\\/5-idees-de-sorties-nature-en-famille-pres-de-decize\\\/#primaryimage\"},\"image\":{\"@id\":\"https:\\\/\\\/gitedupetitmingot.fr\\\/index.php\\\/fr\\\/2025\\\/06\\\/05\\\/5-idees-de-sorties-nature-en-famille-pres-de-decize\\\/#primaryimage\"},\"thumbnailUrl\":\"https:\\\/\\\/gitedupetitmingot.fr\\\/wp-content\\\/uploads\\\/2025\\\/06\\\/Decize-Gite-du-petit-Mingot-2-jpg.webp\",\"datePublished\":\"2025-06-05T08:41:55+00:00\",\"dateModified\":\"2025-09-25T12:53:17+00:00\",\"breadcrumb\":{\"@id\":\"https:\\\/\\\/gitedupetitmingot.fr\\\/index.php\\\/fr\\\/2025\\\/06\\\/05\\\/5-idees-de-sorties-nature-en-famille-pres-de-decize\\\/#breadcrumb\"},\"inLanguage\":\"en-US\",\"potentialAction\":[{\"@type\":\"ReadAction\",\"target\":[\"https:\\\/\\\/gitedupetitmingot.fr\\\/index.php\\\/fr\\\/2025\\\/06\\\/05\\\/5-idees-de-sorties-nature-en-famille-pres-de-decize\\\/\"]}]},{\"@type\":\"ImageObject\",\"inLanguage\":\"en-US\",\"@id\":\"https:\\\/\\\/gitedupetitmingot.fr\\\/index.php\\\/fr\\\/2025\\\/06\\\/05\\\/5-idees-de-sorties-nature-en-famille-pres-de-decize\\\/#primaryimage\",\"url\":\"https:\\\/\\\/gitedupetitmingot.fr\\\/wp-content\\\/uploads\\\/2025\\\/06\\\/Decize-Gite-du-petit-Mingot-2-jpg.webp\",\"contentUrl\":\"https:\\\/\\\/gitedupetitmingot.fr\\\/wp-content\\\/uploads\\\/2025\\\/06\\\/Decize-Gite-du-petit-Mingot-2-jpg.webp\",\"width\":1000,\"height\":665},{\"@type\":\"BreadcrumbList\",\"@id\":\"https:\\\/\\\/gitedupetitmingot.fr\\\/index.php\\\/fr\\\/2025\\\/06\\\/05\\\/5-idees-de-sorties-nature-en-famille-pres-de-decize\\\/#breadcrumb\",\"itemListElement\":[{\"@type\":\"ListItem\",\"position\":1,\"name\":\"Home\",\"item\":\"https:\\\/\\\/gitedupetitmingot.fr\\\/index.php\\\/fr\\\/gite-familial-nievre-decize-nevers\\\/\"},{\"@type\":\"ListItem\",\"position\":2,\"name\":\"\ud83c\udf3f 5 id\u00e9es de sorties nature en famille pr\u00e8s de Decize\"}]},{\"@type\":\"WebSite\",\"@id\":\"https:\\\/\\\/gitedupetitmingot.fr\\\/#website\",\"url\":\"https:\\\/\\\/gitedupetitmingot.fr\\\/\",\"name\":\"G\u00eete Le Petit Mingot\",\"description\":\"\",\"publisher\":{\"@id\":\"https:\\\/\\\/gitedupetitmingot.fr\\\/#organization\"},\"potentialAction\":[{\"@type\":\"SearchAction\",\"target\":{\"@type\":\"EntryPoint\",\"urlTemplate\":\"https:\\\/\\\/gitedupetitmingot.fr\\\/?s={search_term_string}\"},\"query-input\":{\"@type\":\"PropertyValueSpecification\",\"valueRequired\":true,\"valueName\":\"search_term_string\"}}],\"inLanguage\":\"en-US\"},{\"@type\":\"Organization\",\"@id\":\"https:\\\/\\\/gitedupetitmingot.fr\\\/#organization\",\"name\":\"G\u00eete Le Petit Mingot\",\"url\":\"https:\\\/\\\/gitedupetitmingot.fr\\\/\",\"logo\":{\"@type\":\"ImageObject\",\"inLanguage\":\"en-US\",\"@id\":\"https:\\\/\\\/gitedupetitmingot.fr\\\/#\\\/schema\\\/logo\\\/image\\\/\",\"url\":\"https:\\\/\\\/gitedupetitmingot.fr\\\/wp-content\\\/uploads\\\/2025\\\/06\\\/cropped-Logo-Gite-du-Petit-Mingot.png\",\"contentUrl\":\"https:\\\/\\\/gitedupetitmingot.fr\\\/wp-content\\\/uploads\\\/2025\\\/06\\\/cropped-Logo-Gite-du-Petit-Mingot.png\",\"width\":800,\"height\":800,\"caption\":\"G\u00eete Le Petit Mingot\"},\"image\":{\"@id\":\"https:\\\/\\\/gitedupetitmingot.fr\\\/#\\\/schema\\\/logo\\\/image\\\/\"}},{\"@type\":\"Person\",\"@id\":\"https:\\\/\\\/gitedupetitmingot.fr\\\/#\\\/schema\\\/person\\\/a68d2605e7b7f820e903517811913034\",\"name\":\"admin5570\",\"url\":\"https:\\\/\\\/gitedupetitmingot.fr\\\/index.php\\\/author\\\/admin5570\\\/\"}]}<\/script>\n<!-- \/ Yoast SEO plugin. -->","yoast_head_json":{"title":"\ud83c\udf3f 5 id\u00e9es de sorties nature en famille pr\u00e8s de Decize - G\u00eete Le Petit Mingot","robots":{"index":"index","follow":"follow","max-snippet":"max-snippet:-1","max-image-preview":"max-image-preview:large","max-video-preview":"max-video-preview:-1"},"canonical":"https:\/\/gitedupetitmingot.fr\/index.php\/fr\/2025\/06\/05\/5-idees-de-sorties-nature-en-famille-pres-de-decize\/","og_locale":"en_US","og_type":"article","og_title":"\ud83c\udf3f 5 id\u00e9es de sorties nature en famille pr\u00e8s de Decize - G\u00eete Le Petit Mingot","og_description":"Envie de vous reconnecter \u00e0 la nature avec vos enfants pendant vos vacances en famille dans la Ni\u00e8vre ? Autour de Decize, les paysages du sud nivernais offrent une multitude d\u2019activit\u00e9s \u00e0 faire en plein air, loin de l\u2019agitation, dans un cadre calme et pr\u00e9serv\u00e9. Voici 5 id\u00e9es de sorties nature, accessibles \u00e0 tous, \u00e0 [&hellip;]","og_url":"https:\/\/gitedupetitmingot.fr\/index.php\/fr\/2025\/06\/05\/5-idees-de-sorties-nature-en-famille-pres-de-decize\/","og_site_name":"G\u00eete Le Petit Mingot","article_published_time":"2025-06-05T08:41:55+00:00","article_modified_time":"2025-09-25T12:53:17+00:00","og_image":[{"width":1000,"height":665,"url":"https:\/\/gitedupetitmingot.fr\/wp-content\/uploads\/2025\/06\/Decize-Gite-du-petit-Mingot-2-jpg.webp","type":"image\/jpeg"}],"author":"admin5570","twitter_card":"summary_large_image","twitter_misc":{"Written by":"admin5570","Est. reading time":"4 minutes"},"schema":{"@context":"https:\/\/schema.org","@graph":[{"@type":"Article","@id":"https:\/\/gitedupetitmingot.fr\/index.php\/fr\/2025\/06\/05\/5-idees-de-sorties-nature-en-famille-pres-de-decize\/#article","isPartOf":{"@id":"https:\/\/gitedupetitmingot.fr\/index.php\/fr\/2025\/06\/05\/5-idees-de-sorties-nature-en-famille-pres-de-decize\/"},"author":{"name":"admin5570","@id":"https:\/\/gitedupetitmingot.fr\/#\/schema\/person\/a68d2605e7b7f820e903517811913034"},"headline":"\ud83c\udf3f 5 id\u00e9es de sorties nature en famille pr\u00e8s de Decize","datePublished":"2025-06-05T08:41:55+00:00","dateModified":"2025-09-25T12:53:17+00:00","mainEntityOfPage":{"@id":"https:\/\/gitedupetitmingot.fr\/index.php\/fr\/2025\/06\/05\/5-idees-de-sorties-nature-en-famille-pres-de-decize\/"},"wordCount":480,"publisher":{"@id":"https:\/\/gitedupetitmingot.fr\/#organization"},"image":{"@id":"https:\/\/gitedupetitmingot.fr\/index.php\/fr\/2025\/06\/05\/5-idees-de-sorties-nature-en-famille-pres-de-decize\/#primaryimage"},"thumbnailUrl":"https:\/\/gitedupetitmingot.fr\/wp-content\/uploads\/2025\/06\/Decize-Gite-du-petit-Mingot-2-jpg.webp","inLanguage":"en-US"},{"@type":"WebPage","@id":"https:\/\/gitedupetitmingot.fr\/index.php\/fr\/2025\/06\/05\/5-idees-de-sorties-nature-en-famille-pres-de-decize\/","url":"https:\/\/gitedupetitmingot.fr\/index.php\/fr\/2025\/06\/05\/5-idees-de-sorties-nature-en-famille-pres-de-decize\/","name":"\ud83c\udf3f 5 id\u00e9es de sorties nature en famille pr\u00e8s de Decize - G\u00eete Le Petit Mingot","isPartOf":{"@id":"https:\/\/gitedupetitmingot.fr\/#website"},"primaryImageOfPage":{"@id":"https:\/\/gitedupetitmingot.fr\/index.php\/fr\/2025\/06\/05\/5-idees-de-sorties-nature-en-famille-pres-de-decize\/#primaryimage"},"image":{"@id":"https:\/\/gitedupetitmingot.fr\/index.php\/fr\/2025\/06\/05\/5-idees-de-sorties-nature-en-famille-pres-de-decize\/#primaryimage"},"thumbnailUrl":"https:\/\/gitedupetitmingot.fr\/wp-content\/uploads\/2025\/06\/Decize-Gite-du-petit-Mingot-2-jpg.webp","datePublished":"2025-06-05T08:41:55+00:00","dateModified":"2025-09-25T12:53:17+00:00","breadcrumb":{"@id":"https:\/\/gitedupetitmingot.fr\/index.php\/fr\/2025\/06\/05\/5-idees-de-sorties-nature-en-famille-pres-de-decize\/#breadcrumb"},"inLanguage":"en-US","potentialAction":[{"@type":"ReadAction","target":["https:\/\/gitedupetitmingot.fr\/index.php\/fr\/2025\/06\/05\/5-idees-de-sorties-nature-en-famille-pres-de-decize\/"]}]},{"@type":"ImageObject","inLanguage":"en-US","@id":"https:\/\/gitedupetitmingot.fr\/index.php\/fr\/2025\/06\/05\/5-idees-de-sorties-nature-en-famille-pres-de-decize\/#primaryimage","url":"https:\/\/gitedupetitmingot.fr\/wp-content\/uploads\/2025\/06\/Decize-Gite-du-petit-Mingot-2-jpg.webp","contentUrl":"https:\/\/gitedupetitmingot.fr\/wp-content\/uploads\/2025\/06\/Decize-Gite-du-petit-Mingot-2-jpg.webp","width":1000,"height":665},{"@type":"BreadcrumbList","@id":"https:\/\/gitedupetitmingot.fr\/index.php\/fr\/2025\/06\/05\/5-idees-de-sorties-nature-en-famille-pres-de-decize\/#breadcrumb","itemListElement":[{"@type":"ListItem","position":1,"name":"Home","item":"https:\/\/gitedupetitmingot.fr\/index.php\/fr\/gite-familial-nievre-decize-nevers\/"},{"@type":"ListItem","position":2,"name":"\ud83c\udf3f 5 id\u00e9es de sorties nature en famille pr\u00e8s de Decize"}]},{"@type":"WebSite","@id":"https:\/\/gitedupetitmingot.fr\/#website","url":"https:\/\/gitedupetitmingot.fr\/","name":"G\u00eete Le Petit Mingot","description":"","publisher":{"@id":"https:\/\/gitedupetitmingot.fr\/#organization"},"potentialAction":[{"@type":"SearchAction","target":{"@type":"EntryPoint","urlTemplate":"https:\/\/gitedupetitmingot.fr\/?s={search_term_string}"},"query-input":{"@type":"PropertyValueSpecification","valueRequired":true,"valueName":"search_term_string"}}],"inLanguage":"en-US"},{"@type":"Organization","@id":"https:\/\/gitedupetitmingot.fr\/#organization","name":"G\u00eete Le Petit Mingot","url":"https:\/\/gitedupetitmingot.fr\/","logo":{"@type":"ImageObject","inLanguage":"en-US","@id":"https:\/\/gitedupetitmingot.fr\/#\/schema\/logo\/image\/","url":"https:\/\/gitedupetitmingot.fr\/wp-content\/uploads\/2025\/06\/cropped-Logo-Gite-du-Petit-Mingot.png","contentUrl":"https:\/\/gitedupetitmingot.fr\/wp-content\/uploads\/2025\/06\/cropped-Logo-Gite-du-Petit-Mingot.png","width":800,"height":800,"caption":"G\u00eete Le Petit Mingot"},"image":{"@id":"https:\/\/gitedupetitmingot.fr\/#\/schema\/logo\/image\/"}},{"@type":"Person","@id":"https:\/\/gitedupetitmingot.fr\/#\/schema\/person\/a68d2605e7b7f820e903517811913034","name":"admin5570","url":"https:\/\/gitedupetitmingot.fr\/index.php\/author\/admin5570\/"}]}},"_links":{"self":[{"href":"https:\/\/gitedupetitmingot.fr\/index.php\/wp-json\/wp\/v2\/posts\/1206","targetHints":{"allow":["GET"]}}],"collection":[{"href":"https:\/\/gitedupetitmingot.fr\/index.php\/wp-json\/wp\/v2\/posts"}],"about":[{"href":"https:\/\/gitedupetitmingot.fr\/index.php\/wp-json\/wp\/v2\/types\/post"}],"author":[{"embeddable":true,"href":"https:\/\/gitedupetitmingot.fr\/index.php\/wp-json\/wp\/v2\/users\/1"}],"replies":[{"embeddable":true,"href":"https:\/\/gitedupetitmingot.fr\/index.php\/wp-json\/wp\/v2\/comments?post=1206"}],"version-history":[{"count":16,"href":"https:\/\/gitedupetitmingot.fr\/index.php\/wp-json\/wp\/v2\/posts\/1206\/revisions"}],"predecessor-version":[{"id":1628,"href":"https:\/\/gitedupetitmingot.fr\/index.php\/wp-json\/wp\/v2\/posts\/1206\/revisions\/1628"}],"wp:featuredmedia":[{"embeddable":true,"href":"https:\/\/gitedupetitmingot.fr\/index.php\/wp-json\/wp\/v2\/media\/1388"}],"wp:attachment":[{"href":"https:\/\/gitedupetitmingot.fr\/index.php\/wp-json\/wp\/v2\/media?parent=1206"}],"wp:term":[{"taxonomy":"category","embeddable":true,"href":"https:\/\/gitedupetitmingot.fr\/index.php\/wp-json\/wp\/v2\/categories?post=1206"},{"taxonomy":"post_tag","embeddable":true,"href":"https:\/\/gitedupetitmingot.fr\/index.php\/wp-json\/wp\/v2\/tags?post=1206"}],"curies":[{"name":"wp","href":"https:\/\/api.w.org\/{rel}","templated":true}]}}