{"id":1272,"date":"2025-06-05T14:50:36","date_gmt":"2025-06-05T12:50:36","guid":{"rendered":"https:\/\/gitedupetitmingot.fr\/?p=1272"},"modified":"2025-09-25T14:53:08","modified_gmt":"2025-09-25T12:53:08","slug":"druy-parigny-1-000-ans-dhistoire-entre-loire-chateau-et-memoire","status":"publish","type":"post","link":"https:\/\/gitedupetitmingot.fr\/index.php\/fr\/2025\/06\/05\/druy-parigny-1-000-ans-dhistoire-entre-loire-chateau-et-memoire\/","title":{"rendered":"\ud83c\udff0 Druy-Parigny : 1 000 ans d\u2019histoire entre Loire, ch\u00e2teau et m\u00e9moire"},"content":{"rendered":"\t\t<div data-elementor-type=\"wp-post\" data-elementor-id=\"1272\" class=\"elementor elementor-1272\" data-elementor-post-type=\"post\">\n\t\t\t\t\t\t<section class=\"elementor-section elementor-top-section elementor-element elementor-element-f2fd1ce elementor-section-boxed elementor-section-height-default elementor-section-height-default\" data-id=\"f2fd1ce\" data-element_type=\"section\" data-e-type=\"section\">\n\t\t\t\t\t\t<div class=\"elementor-container elementor-column-gap-default\">\n\t\t\t\t\t<div class=\"elementor-column elementor-col-100 elementor-top-column elementor-element elementor-element-2ff3d93\" data-id=\"2ff3d93\" data-element_type=\"column\" data-e-type=\"column\">\n\t\t\t<div class=\"elementor-widget-wrap elementor-element-populated\">\n\t\t\t\t\t\t<div class=\"elementor-element elementor-element-d329491 elementor-widget elementor-widget-text-editor\" data-id=\"d329491\" data-element_type=\"widget\" data-e-type=\"widget\" data-widget_type=\"text-editor.default\">\n\t\t\t\t<div class=\"elementor-widget-container\">\n\t\t\t\t\t\t\t\t\t<p>Nich\u00e9 entre Decize et Nevers, au c\u0153ur de la Ni\u00e8vre, le village de <strong data-start=\"307\" data-end=\"323\">Druy-Parigny<\/strong> s\u00e9duit par son calme, sa nature pr\u00e9serv\u00e9e\u2026 et son histoire mill\u00e9naire. Ce lieu discret, bord\u00e9 par la Loire et non loin du Morvan, cache un pass\u00e9 fascinant marqu\u00e9 par des baronnies m\u00e9di\u00e9vales, des guerres, des reconstructions et des souvenirs poignants. Que vous soyez amateur de patrimoine, curieux de la vie rurale d\u2019autrefois, ou simplement en qu\u00eate de sens durant votre s\u00e9jour, d\u00e9couvrez ici <strong data-start=\"719\" data-end=\"793\">les 5 grandes \u00e9tapes qui ont fa\u00e7onn\u00e9 l\u2019identit\u00e9 unique de Druy-Parigny<\/strong>.<\/p>\t\t\t\t\t\t\t\t<\/div>\n\t\t\t\t<\/div>\n\t\t\t\t<div class=\"elementor-element elementor-element-e1f4b68 elementor-widget elementor-widget-image\" data-id=\"e1f4b68\" data-element_type=\"widget\" data-e-type=\"widget\" data-widget_type=\"image.default\">\n\t\t\t\t<div class=\"elementor-widget-container\">\n\t\t\t\t\t\t\t\t\t\t\t\t<figure class=\"wp-caption\">\n\t\t\t\t\t\t\t\t\t\t<img fetchpriority=\"high\" decoding=\"async\" width=\"1127\" height=\"686\" src=\"https:\/\/gitedupetitmingot.fr\/wp-content\/uploads\/2025\/06\/Carte-Cassini-Druy-jpg.webp\" class=\"attachment-full size-full wp-image-1276\" alt=\"\" srcset=\"https:\/\/gitedupetitmingot.fr\/wp-content\/uploads\/2025\/06\/Carte-Cassini-Druy-jpg.webp 1127w, https:\/\/gitedupetitmingot.fr\/wp-content\/uploads\/2025\/06\/Carte-Cassini-Druy-300x183.webp 300w, https:\/\/gitedupetitmingot.fr\/wp-content\/uploads\/2025\/06\/Carte-Cassini-Druy-1024x623.webp 1024w, https:\/\/gitedupetitmingot.fr\/wp-content\/uploads\/2025\/06\/Carte-Cassini-Druy-768x467.webp 768w\" sizes=\"(max-width: 1127px) 100vw, 1127px\" \/>\t\t\t\t\t\t\t\t\t\t\t<figcaption class=\"widget-image-caption wp-caption-text\">Druy et Parigny sur la carte de Cassini (entre 1756 et 1815), avant le regroupement des deux villages<\/figcaption>\n\t\t\t\t\t\t\t\t\t\t<\/figure>\n\t\t\t\t\t\t\t\t\t<\/div>\n\t\t\t\t<\/div>\n\t\t\t\t\t<\/div>\n\t\t<\/div>\n\t\t\t\t\t<\/div>\n\t\t<\/section>\n\t\t\t\t<section class=\"elementor-section elementor-top-section elementor-element elementor-element-0b9daf4 elementor-section-boxed elementor-section-height-default elementor-section-height-default\" data-id=\"0b9daf4\" data-element_type=\"section\" data-e-type=\"section\">\n\t\t\t\t\t\t<div class=\"elementor-container elementor-column-gap-default\">\n\t\t\t\t\t<div class=\"elementor-column elementor-col-100 elementor-top-column elementor-element elementor-element-5c598f0\" data-id=\"5c598f0\" data-element_type=\"column\" data-e-type=\"column\">\n\t\t\t<div class=\"elementor-widget-wrap elementor-element-populated\">\n\t\t\t\t\t\t<div class=\"elementor-element elementor-element-de0101c elementor-headline--style-highlight elementor-widget elementor-widget-animated-headline\" data-id=\"de0101c\" data-element_type=\"widget\" data-e-type=\"widget\" data-settings=\"{&quot;highlighted_text&quot;:&quot;1&quot;,&quot;headline_style&quot;:&quot;highlight&quot;,&quot;marker&quot;:&quot;circle&quot;,&quot;loop&quot;:&quot;yes&quot;,&quot;highlight_animation_duration&quot;:1200,&quot;highlight_iteration_delay&quot;:8000}\" data-widget_type=\"animated-headline.default\">\n\t\t\t\t<div class=\"elementor-widget-container\">\n\t\t\t\t\t\t\t<h3 class=\"elementor-headline\">\n\t\t\t\t<span class=\"elementor-headline-dynamic-wrapper elementor-headline-text-wrapper\">\n\t\t\t\t\t<span class=\"elementor-headline-dynamic-text elementor-headline-text-active\">1<\/span>\n\t\t\t\t<\/span>\n\t\t\t\t<\/h3>\n\t\t\t\t\t\t<\/div>\n\t\t\t\t<\/div>\n\t\t\t\t<div class=\"elementor-element elementor-element-dbc6bf9 elementor-invisible elementor-widget elementor-widget-heading\" data-id=\"dbc6bf9\" data-element_type=\"widget\" data-e-type=\"widget\" data-settings=\"{&quot;_animation&quot;:&quot;fadeInUp&quot;}\" data-widget_type=\"heading.default\">\n\t\t\t\t<div class=\"elementor-widget-container\">\n\t\t\t\t\t<h2 class=\"elementor-heading-title elementor-size-default\">\ud83c\udff0 Une baronnie m\u00e9di\u00e9vale strat\u00e9gique <b><br> au c\u0153ur du Nivernais<\/b><\/h2>\t\t\t\t<\/div>\n\t\t\t\t<\/div>\n\t\t\t\t\t<\/div>\n\t\t<\/div>\n\t\t\t\t\t<\/div>\n\t\t<\/section>\n\t\t\t\t<section class=\"elementor-section elementor-top-section elementor-element elementor-element-d7d9c98 elementor-section-boxed elementor-section-height-default elementor-section-height-default\" data-id=\"d7d9c98\" data-element_type=\"section\" data-e-type=\"section\">\n\t\t\t\t\t\t<div class=\"elementor-container elementor-column-gap-default\">\n\t\t\t\t\t<div class=\"elementor-column elementor-col-100 elementor-top-column elementor-element elementor-element-e9a249c\" data-id=\"e9a249c\" data-element_type=\"column\" data-e-type=\"column\">\n\t\t\t<div class=\"elementor-widget-wrap elementor-element-populated\">\n\t\t\t\t\t\t<div class=\"elementor-element elementor-element-4aa4499 elementor-widget elementor-widget-text-editor\" data-id=\"4aa4499\" data-element_type=\"widget\" data-e-type=\"widget\" data-widget_type=\"text-editor.default\">\n\t\t\t\t<div class=\"elementor-widget-container\">\n\t\t\t\t\t\t\t\t\t<p>Druy-Parigny est mentionn\u00e9 d\u00e8s l\u2019an 966, lorsque l\u2019\u00e9v\u00eaque de Nevers re\u00e7oit les terres du lieu par donation, marquant ainsi la naissance d\u2019une puissante baronnie eccl\u00e9siastique. La situation g\u00e9ographique de Druy, perch\u00e9e sur un promontoire surplombant la Loire, n\u2019est pas anodine : elle permettait un contr\u00f4le visuel et militaire de la vall\u00e9e et de la navigation fluviale, essentielle au commerce et aux d\u00e9placements \u00e0 l\u2019\u00e9poque. Une premi\u00e8re maison forte y est construite vers 1050, marquant le d\u00e9but d\u2019un r\u00f4le strat\u00e9gique pour le village dans la d\u00e9fense de la r\u00e9gion et le rayonnement de l\u2019\u00c9glise de Nevers. &#8220;Il y avait probablement, dit Soultrait, un ch\u00e2teau-fort d\u00e8s les premiers temps de la f\u00e9odalit\u00e9.&#8221;\u00a0<\/p>\t\t\t\t\t\t\t\t<\/div>\n\t\t\t\t<\/div>\n\t\t\t\t<div class=\"elementor-element elementor-element-6e86760 elementor-widget elementor-widget-image\" data-id=\"6e86760\" data-element_type=\"widget\" data-e-type=\"widget\" data-widget_type=\"image.default\">\n\t\t\t\t<div class=\"elementor-widget-container\">\n\t\t\t\t\t\t\t\t\t\t\t\t<figure class=\"wp-caption\">\n\t\t\t\t\t\t\t\t\t\t<img decoding=\"async\" width=\"886\" height=\"671\" src=\"https:\/\/gitedupetitmingot.fr\/wp-content\/uploads\/2025\/06\/Druy-Parigny-jpg.webp\" class=\"attachment-full size-full wp-image-1278\" alt=\"\" srcset=\"https:\/\/gitedupetitmingot.fr\/wp-content\/uploads\/2025\/06\/Druy-Parigny-jpg.webp 886w, https:\/\/gitedupetitmingot.fr\/wp-content\/uploads\/2025\/06\/Druy-Parigny-300x227.webp 300w, https:\/\/gitedupetitmingot.fr\/wp-content\/uploads\/2025\/06\/Druy-Parigny-768x582.webp 768w\" sizes=\"(max-width: 886px) 100vw, 886px\" \/>\t\t\t\t\t\t\t\t\t\t\t<figcaption class=\"widget-image-caption wp-caption-text\">Vue a\u00e9rienne du Ch\u00e2teau de Druy Parigny - source @chateau_de_druy_parigny<\/figcaption>\n\t\t\t\t\t\t\t\t\t\t<\/figure>\n\t\t\t\t\t\t\t\t\t<\/div>\n\t\t\t\t<\/div>\n\t\t\t\t\t<\/div>\n\t\t<\/div>\n\t\t\t\t\t<\/div>\n\t\t<\/section>\n\t\t\t\t<section class=\"elementor-section elementor-top-section elementor-element elementor-element-a6564e4 elementor-section-boxed elementor-section-height-default elementor-section-height-default\" data-id=\"a6564e4\" data-element_type=\"section\" data-e-type=\"section\">\n\t\t\t\t\t\t<div class=\"elementor-container elementor-column-gap-default\">\n\t\t\t\t\t<div class=\"elementor-column elementor-col-100 elementor-top-column elementor-element elementor-element-f342334\" data-id=\"f342334\" data-element_type=\"column\" data-e-type=\"column\">\n\t\t\t<div class=\"elementor-widget-wrap elementor-element-populated\">\n\t\t\t\t\t\t<div class=\"elementor-element elementor-element-7d0cc10 elementor-headline--style-highlight elementor-widget elementor-widget-animated-headline\" data-id=\"7d0cc10\" data-element_type=\"widget\" data-e-type=\"widget\" data-settings=\"{&quot;highlighted_text&quot;:&quot;2&quot;,&quot;headline_style&quot;:&quot;highlight&quot;,&quot;marker&quot;:&quot;circle&quot;,&quot;loop&quot;:&quot;yes&quot;,&quot;highlight_animation_duration&quot;:1200,&quot;highlight_iteration_delay&quot;:8000}\" data-widget_type=\"animated-headline.default\">\n\t\t\t\t<div class=\"elementor-widget-container\">\n\t\t\t\t\t\t\t<h3 class=\"elementor-headline\">\n\t\t\t\t<span class=\"elementor-headline-dynamic-wrapper elementor-headline-text-wrapper\">\n\t\t\t\t\t<span class=\"elementor-headline-dynamic-text elementor-headline-text-active\">2<\/span>\n\t\t\t\t<\/span>\n\t\t\t\t<\/h3>\n\t\t\t\t\t\t<\/div>\n\t\t\t\t<\/div>\n\t\t\t\t<div class=\"elementor-element elementor-element-d95be96 elementor-invisible elementor-widget elementor-widget-heading\" data-id=\"d95be96\" data-element_type=\"widget\" data-e-type=\"widget\" data-settings=\"{&quot;_animation&quot;:&quot;fadeInUp&quot;}\" data-widget_type=\"heading.default\">\n\t\t\t\t<div class=\"elementor-widget-container\">\n\t\t\t\t\t<h2 class=\"elementor-heading-title elementor-size-default\">\ud83d\udd25 Un ch\u00e2teau t\u00e9moin des <b><br>soubresauts de l\u2019Histoire <\/br>\n<\/h2>\t\t\t\t<\/div>\n\t\t\t\t<\/div>\n\t\t\t\t<div class=\"elementor-element elementor-element-9c69c57 elementor-widget elementor-widget-text-editor\" data-id=\"9c69c57\" data-element_type=\"widget\" data-e-type=\"widget\" data-widget_type=\"text-editor.default\">\n\t\t\t\t<div class=\"elementor-widget-container\">\n\t\t\t\t\t\t\t\t\t<p data-start=\"173\" data-end=\"483\">Le <strong data-start=\"176\" data-end=\"203\">ch\u00e2teau de Druy-Parigny<\/strong>, surplombe la vall\u00e9e de la Loire depuis plus de mille ans. Il prend racine d\u00e8s le Xe si\u00e8cle avec la cr\u00e9ation d\u2019une baronnie eccl\u00e9siastique par les \u00e9v\u00eaques de Nevers. Une premi\u00e8re maison forte est \u00e9difi\u00e9e autour de 1050 pour contr\u00f4ler la navigation fluviale.<\/p><p data-start=\"485\" data-end=\"785\">Le ch\u00e2teau tel qu\u2019on le conna\u00eet aujourd\u2019hui est b\u00e2ti au <strong data-start=\"541\" data-end=\"557\">XIIIe si\u00e8cle<\/strong> par la famille de Thianges. Il est plusieurs fois d\u00e9truit et reconstruit : br\u00fbl\u00e9 par les Anglais en 1356, restaur\u00e9 en 1388 par Bureau de La Rivi\u00e8re, chambellan du roi Charles V, puis ravag\u00e9 lors des guerres de Religion en 1562.<\/p><p data-start=\"787\" data-end=\"1196\">Au fil des si\u00e8cles, il \u00e9volue, change de propri\u00e9taires, et conna\u00eet de nouveaux am\u00e9nagements, notamment aux XVIIe et XIXe si\u00e8cles. En 1886, un incendie d\u00e9truit une partie du ch\u00e2teau, puis la Premi\u00e8re Guerre mondiale voit la r\u00e9quisition de ses mat\u00e9riaux. Le drame survient en <strong data-start=\"1061\" data-end=\"1079\">septembre 1944<\/strong> : les Allemands, en repr\u00e9sailles \u00e0 une embuscade locale, incendient le hameau de Dardault et endommagent le ch\u00e2teau. Le Grand P\u00e8re du propri\u00e9taire actuel, qui tentait de venir au secours des habitants de Dardault, y fut tu\u00e9 par les Allemands.<\/p><p data-start=\"1198\" data-end=\"1439\">Aujourd\u2019hui encore, malgr\u00e9 les \u00e9preuves, <strong data-start=\"1239\" data-end=\"1336\">le ch\u00e2teau conserve ses tours, son porche, ses douves et une partie de ses b\u00e2timents d\u2019\u00e9poque<\/strong>, en attente d\u2019un programme de restauration port\u00e9 par ses propri\u00e9taires actuels, la famille de Maigret.<\/p><p data-start=\"1496\" data-end=\"1750\">Chaque ann\u00e9e, \u00e0 l\u2019occasion des <strong data-start=\"1527\" data-end=\"1565\">Journ\u00e9es Europ\u00e9ennes du Patrimoine<\/strong>, le ch\u00e2teau ouvre exceptionnellement ses portes au public. C\u2019est l\u2019occasion unique de <strong data-start=\"1652\" data-end=\"1679\">d\u00e9couvrir ce lieu priv\u00e9<\/strong>, habituellement ferm\u00e9, et de <strong data-start=\"1709\" data-end=\"1749\">plonger dans son histoire mill\u00e9naire<\/strong>.<\/p><p data-start=\"1752\" data-end=\"2069\">Les visiteurs peuvent admirer le porche d\u2019entr\u00e9e, les anciennes tours, les douves et les fa\u00e7ades conserv\u00e9es, tout en \u00e9changeant avec les propri\u00e9taires qui partagent souvenirs de famille et projets de restauration. Des documents d\u2019archives, des photos anciennes et une fiche de visite sont \u00e9galement mis \u00e0 disposition.\u00a0<\/p><p data-start=\"1752\" data-end=\"2069\">Vous pouvez suivre la restauration du ch\u00e2teau sur son\u00a0 compte instagam ici :\u00a0<\/p>\t\t\t\t\t\t\t\t<\/div>\n\t\t\t\t<\/div>\n\t\t\t\t<div class=\"elementor-element elementor-element-c7f6ce9 elementor-align-center elementor-widget elementor-widget-button\" data-id=\"c7f6ce9\" data-element_type=\"widget\" data-e-type=\"widget\" data-widget_type=\"button.default\">\n\t\t\t\t<div class=\"elementor-widget-container\">\n\t\t\t\t\t\t\t\t\t<div class=\"elementor-button-wrapper\">\n\t\t\t\t\t<a class=\"elementor-button elementor-button-link elementor-size-sm\" href=\"https:\/\/www.instagram.com\/chateau_de_druy_parigny?utm_source=ig_web_button_share_sheet&#038;igsh=d3hicGp2eTloN2g5\">\n\t\t\t\t\t\t<span class=\"elementor-button-content-wrapper\">\n\t\t\t\t\t\t<span class=\"elementor-button-icon\">\n\t\t\t\t<i aria-hidden=\"true\" class=\"fab fa-instagram\"><\/i>\t\t\t<\/span>\n\t\t\t\t\t\t\t\t\t<span class=\"elementor-button-text\">@chateau_de_druy_parigny<\/span>\n\t\t\t\t\t<\/span>\n\t\t\t\t\t<\/a>\n\t\t\t\t<\/div>\n\t\t\t\t\t\t\t\t<\/div>\n\t\t\t\t<\/div>\n\t\t\t\t<div class=\"elementor-element elementor-element-95ad841 elementor-widget elementor-widget-image\" data-id=\"95ad841\" data-element_type=\"widget\" data-e-type=\"widget\" data-widget_type=\"image.default\">\n\t\t\t\t<div class=\"elementor-widget-container\">\n\t\t\t\t\t\t\t\t\t\t\t\t<figure class=\"wp-caption\">\n\t\t\t\t\t\t\t\t\t\t<img decoding=\"async\" width=\"2560\" height=\"1920\" src=\"https:\/\/gitedupetitmingot.fr\/wp-content\/uploads\/2025\/06\/Eglise_Saint-Martin_de_Druy-Parigny_3-jpg.webp\" class=\"attachment-full size-full wp-image-1279\" alt=\"\" srcset=\"https:\/\/gitedupetitmingot.fr\/wp-content\/uploads\/2025\/06\/Eglise_Saint-Martin_de_Druy-Parigny_3-jpg.webp 2560w, https:\/\/gitedupetitmingot.fr\/wp-content\/uploads\/2025\/06\/Eglise_Saint-Martin_de_Druy-Parigny_3-300x225.webp 300w, https:\/\/gitedupetitmingot.fr\/wp-content\/uploads\/2025\/06\/Eglise_Saint-Martin_de_Druy-Parigny_3-1024x768.webp 1024w, https:\/\/gitedupetitmingot.fr\/wp-content\/uploads\/2025\/06\/Eglise_Saint-Martin_de_Druy-Parigny_3-768x576.webp 768w, https:\/\/gitedupetitmingot.fr\/wp-content\/uploads\/2025\/06\/Eglise_Saint-Martin_de_Druy-Parigny_3-1536x1152.webp 1536w, https:\/\/gitedupetitmingot.fr\/wp-content\/uploads\/2025\/06\/Eglise_Saint-Martin_de_Druy-Parigny_3-2048x1536.webp 2048w\" sizes=\"(max-width: 2560px) 100vw, 2560px\" \/>\t\t\t\t\t\t\t\t\t\t\t<figcaption class=\"widget-image-caption wp-caption-text\">\u00c9glise Saint-Martin et l'ancien pigeonnier de Druy<\/figcaption>\n\t\t\t\t\t\t\t\t\t\t<\/figure>\n\t\t\t\t\t\t\t\t\t<\/div>\n\t\t\t\t<\/div>\n\t\t\t\t\t<\/div>\n\t\t<\/div>\n\t\t\t\t\t<\/div>\n\t\t<\/section>\n\t\t\t\t<section class=\"elementor-section elementor-top-section elementor-element elementor-element-d5009ab elementor-section-boxed elementor-section-height-default elementor-section-height-default\" data-id=\"d5009ab\" data-element_type=\"section\" data-e-type=\"section\">\n\t\t\t\t\t\t<div class=\"elementor-container elementor-column-gap-default\">\n\t\t\t\t\t<div class=\"elementor-column elementor-col-100 elementor-top-column elementor-element elementor-element-485c551\" data-id=\"485c551\" data-element_type=\"column\" data-e-type=\"column\">\n\t\t\t<div class=\"elementor-widget-wrap elementor-element-populated\">\n\t\t\t\t\t\t<div class=\"elementor-element elementor-element-e979ca4 elementor-headline--style-highlight elementor-widget elementor-widget-animated-headline\" data-id=\"e979ca4\" data-element_type=\"widget\" data-e-type=\"widget\" data-settings=\"{&quot;highlighted_text&quot;:&quot;3&quot;,&quot;headline_style&quot;:&quot;highlight&quot;,&quot;marker&quot;:&quot;circle&quot;,&quot;loop&quot;:&quot;yes&quot;,&quot;highlight_animation_duration&quot;:1200,&quot;highlight_iteration_delay&quot;:8000}\" data-widget_type=\"animated-headline.default\">\n\t\t\t\t<div class=\"elementor-widget-container\">\n\t\t\t\t\t\t\t<h3 class=\"elementor-headline\">\n\t\t\t\t<span class=\"elementor-headline-dynamic-wrapper elementor-headline-text-wrapper\">\n\t\t\t\t\t<span class=\"elementor-headline-dynamic-text elementor-headline-text-active\">3<\/span>\n\t\t\t\t<\/span>\n\t\t\t\t<\/h3>\n\t\t\t\t\t\t<\/div>\n\t\t\t\t<\/div>\n\t\t\t\t\t<\/div>\n\t\t<\/div>\n\t\t\t\t\t<\/div>\n\t\t<\/section>\n\t\t\t\t<section class=\"elementor-section elementor-top-section elementor-element elementor-element-f223271 elementor-section-boxed elementor-section-height-default elementor-section-height-default\" data-id=\"f223271\" data-element_type=\"section\" data-e-type=\"section\">\n\t\t\t\t\t\t<div class=\"elementor-container elementor-column-gap-default\">\n\t\t\t\t\t<div class=\"elementor-column elementor-col-100 elementor-top-column elementor-element elementor-element-a0b6d57\" data-id=\"a0b6d57\" data-element_type=\"column\" data-e-type=\"column\">\n\t\t\t<div class=\"elementor-widget-wrap elementor-element-populated\">\n\t\t\t\t\t\t<div class=\"elementor-element elementor-element-b2e7e72 elementor-invisible elementor-widget elementor-widget-heading\" data-id=\"b2e7e72\" data-element_type=\"widget\" data-e-type=\"widget\" data-settings=\"{&quot;_animation&quot;:&quot;fadeInUp&quot;}\" data-widget_type=\"heading.default\">\n\t\t\t\t<div class=\"elementor-widget-container\">\n\t\t\t\t\t<h2 class=\"elementor-heading-title elementor-size-default\">\ud83d\udd25 L\u2019\u00e9glise Saint-Martin, une des plus <br> <b> anciennes \u00e9glises du d\u00e9partement<\/h2>\t\t\t\t<\/div>\n\t\t\t\t<\/div>\n\t\t\t\t<div class=\"elementor-element elementor-element-2c25e89 elementor-widget elementor-widget-text-editor\" data-id=\"2c25e89\" data-element_type=\"widget\" data-e-type=\"widget\" data-widget_type=\"text-editor.default\">\n\t\t\t\t<div class=\"elementor-widget-container\">\n\t\t\t\t\t\t\t\t\t<p data-start=\"219\" data-end=\"453\">Nich\u00e9e au c\u0153ur du village, l\u2019<strong data-start=\"248\" data-end=\"279\">\u00e9glise Saint-Martin de Druy<\/strong> est l\u2019un des plus anciens \u00e9difices religieux de la Ni\u00e8vre. Sa construction remonte aux <strong data-start=\"367\" data-end=\"390\">XIe et XIIe si\u00e8cles<\/strong>, p\u00e9riode charni\u00e8re o\u00f9 l\u2019art roman s\u2019\u00e9panouit dans la r\u00e9gion.<\/p><p data-start=\"455\" data-end=\"691\">Sobre et modeste \u00e0 l\u2019ext\u00e9rieur, elle r\u00e9v\u00e8le \u00e0 l\u2019int\u00e9rieur une architecture empreinte de spiritualit\u00e9 : <strong data-start=\"558\" data-end=\"589\">nef gothique du XIVe si\u00e8cle<\/strong>, <strong data-start=\"591\" data-end=\"611\">vo\u00fbtes en ogives<\/strong>, <strong data-start=\"613\" data-end=\"634\">fen\u00eatres cintr\u00e9es<\/strong>, et une ambiance paisible qui invite au recueillement.<\/p><p data-start=\"455\" data-end=\"691\">Vous pouvez acc\u00e9der \u00e0 l&#8217;Eglise \u00e0 pied depuis le g\u00eete en empruntant le chemin de la Croix de Marnay, vous y croiserez le calvaire de Marnay, qui fut batti \u00e0 l&#8217;endroit ou se tenait l&#8217;\u00e9glise de l&#8217;ancien village de Marnay, qui a disparu avant la r\u00e9volution.\u00a0<\/p>\t\t\t\t\t\t\t\t<\/div>\n\t\t\t\t<\/div>\n\t\t\t\t\t<\/div>\n\t\t<\/div>\n\t\t\t\t\t<\/div>\n\t\t<\/section>\n\t\t\t\t<section class=\"elementor-section elementor-top-section elementor-element elementor-element-db8fa04 elementor-section-boxed elementor-section-height-default elementor-section-height-default\" data-id=\"db8fa04\" data-element_type=\"section\" data-e-type=\"section\">\n\t\t\t\t\t\t<div class=\"elementor-container elementor-column-gap-default\">\n\t\t\t\t\t<div class=\"elementor-column elementor-col-100 elementor-top-column elementor-element elementor-element-5c47172\" data-id=\"5c47172\" data-element_type=\"column\" data-e-type=\"column\">\n\t\t\t<div class=\"elementor-widget-wrap elementor-element-populated\">\n\t\t\t\t\t\t<div class=\"elementor-element elementor-element-9801252 elementor-widget elementor-widget-image\" data-id=\"9801252\" data-element_type=\"widget\" data-e-type=\"widget\" data-widget_type=\"image.default\">\n\t\t\t\t<div class=\"elementor-widget-container\">\n\t\t\t\t\t\t\t\t\t\t\t\t<figure class=\"wp-caption\">\n\t\t\t\t\t\t\t\t\t\t<img loading=\"lazy\" decoding=\"async\" width=\"800\" height=\"418\" src=\"https:\/\/gitedupetitmingot.fr\/wp-content\/uploads\/2025\/06\/Druy_Parigny_Olga_Olbi.jpg\" class=\"attachment-full size-full wp-image-1284\" alt=\"\" srcset=\"https:\/\/gitedupetitmingot.fr\/wp-content\/uploads\/2025\/06\/Druy_Parigny_Olga_Olbi.jpg 800w, https:\/\/gitedupetitmingot.fr\/wp-content\/uploads\/2025\/06\/Druy_Parigny_Olga_Olbi-300x157.webp 300w, https:\/\/gitedupetitmingot.fr\/wp-content\/uploads\/2025\/06\/Druy_Parigny_Olga_Olbi-768x401.webp 768w\" sizes=\"(max-width: 800px) 100vw, 800px\" \/>\t\t\t\t\t\t\t\t\t\t\t<figcaption class=\"widget-image-caption wp-caption-text\">La destruction de Druy-Parigny, tableau d'Olga Olbi<\/figcaption>\n\t\t\t\t\t\t\t\t\t\t<\/figure>\n\t\t\t\t\t\t\t\t\t<\/div>\n\t\t\t\t<\/div>\n\t\t\t\t\t<\/div>\n\t\t<\/div>\n\t\t\t\t\t<\/div>\n\t\t<\/section>\n\t\t\t\t<section class=\"elementor-section elementor-top-section elementor-element elementor-element-b119eb4 elementor-section-boxed elementor-section-height-default elementor-section-height-default\" data-id=\"b119eb4\" data-element_type=\"section\" data-e-type=\"section\">\n\t\t\t\t\t\t<div class=\"elementor-container elementor-column-gap-default\">\n\t\t\t\t\t<div class=\"elementor-column elementor-col-100 elementor-top-column elementor-element elementor-element-62306c7\" data-id=\"62306c7\" data-element_type=\"column\" data-e-type=\"column\">\n\t\t\t<div class=\"elementor-widget-wrap elementor-element-populated\">\n\t\t\t\t\t\t<div class=\"elementor-element elementor-element-f7ed637 elementor-headline--style-highlight elementor-widget elementor-widget-animated-headline\" data-id=\"f7ed637\" data-element_type=\"widget\" data-e-type=\"widget\" data-settings=\"{&quot;highlighted_text&quot;:&quot;4&quot;,&quot;headline_style&quot;:&quot;highlight&quot;,&quot;marker&quot;:&quot;circle&quot;,&quot;loop&quot;:&quot;yes&quot;,&quot;highlight_animation_duration&quot;:1200,&quot;highlight_iteration_delay&quot;:8000}\" data-widget_type=\"animated-headline.default\">\n\t\t\t\t<div class=\"elementor-widget-container\">\n\t\t\t\t\t\t\t<h3 class=\"elementor-headline\">\n\t\t\t\t<span class=\"elementor-headline-dynamic-wrapper elementor-headline-text-wrapper\">\n\t\t\t\t\t<span class=\"elementor-headline-dynamic-text elementor-headline-text-active\">4<\/span>\n\t\t\t\t<\/span>\n\t\t\t\t<\/h3>\n\t\t\t\t\t\t<\/div>\n\t\t\t\t<\/div>\n\t\t\t\t<div class=\"elementor-element elementor-element-5c00ff4 elementor-invisible elementor-widget elementor-widget-heading\" data-id=\"5c00ff4\" data-element_type=\"widget\" data-e-type=\"widget\" data-settings=\"{&quot;_animation&quot;:&quot;fadeInUp&quot;}\" data-widget_type=\"heading.default\">\n\t\t\t\t<div class=\"elementor-widget-container\">\n\t\t\t\t\t<h2 class=\"elementor-heading-title elementor-size-default\">Le drame de 1944 <b><br>\u00e0 Druy-Parigny<\/h2>\t\t\t\t<\/div>\n\t\t\t\t<\/div>\n\t\t\t\t<div class=\"elementor-element elementor-element-8d0959b elementor-widget elementor-widget-text-editor\" data-id=\"8d0959b\" data-element_type=\"widget\" data-e-type=\"widget\" data-widget_type=\"text-editor.default\">\n\t\t\t\t<div class=\"elementor-widget-container\">\n\t\t\t\t\t\t\t\t\t<p data-start=\"220\" data-end=\"559\">\u00c0 la fin de l\u2019\u00e9t\u00e9 1944, alors que les forces allemandes battent en retraite face \u00e0 l\u2019avanc\u00e9e alli\u00e9e, la r\u00e9sistance s\u2019organise dans toute la Ni\u00e8vre. Le <strong data-start=\"371\" data-end=\"388\">1er septembre<\/strong>, une section du maquis Julien, venue \u00e0 bord de deux camions, et renforc\u00e9e par un commando de S.A.S. anglais, s&#8217;est mise en position d&#8217;attaque \u00e0 Marnay, \u00e0 l&#8217;entr\u00e9e sud de Druy.<\/p>\n<p>Quand les premiers v\u00e9hicules ennemis apparaissent, les S.A.S. les mitraillent&nbsp;; puis, comprenant que les Allemands sont trop nombreux, ils retournent au bourg de Druy et se dispersent.<\/p>\n<p data-start=\"561\" data-end=\"974\">L\u2019op\u00e9ration provoque une <strong data-start=\"600\" data-end=\"636\">repr\u00e9saille imm\u00e9diate et brutale sur les habitants de Dardault. <\/strong><span data-start=\"600\" data-end=\"636\">L<\/span>e lendemain, les troupes allemandes reviennent en force. Elles encerclent le hameau, <strong data-start=\"724\" data-end=\"750\">incendient les maisons<\/strong> et ex\u00e9cutent plusieurs civils sans distinction. Parmi les victimes figure <strong data-start=\"825\" data-end=\"855\">le comte Hubert de Maigret<\/strong>, alors propri\u00e9taire du ch\u00e2teau de Druy, abattu alors qu\u2019il tentait de venir en aide aux victimes.&nbsp;<\/p>\n<p data-start=\"976\" data-end=\"1127\">En seulement <strong data-start=\"989\" data-end=\"1003\">deux jours<\/strong>, <strong data-start=\"1005\" data-end=\"1034\">33 maisons sont d\u00e9truites<\/strong>, et plusieurs familles endeuill\u00e9es. Le ch\u00e2teau est \u00e9galement incendi\u00e9.&nbsp;<\/p>\n<p data-start=\"1129\" data-end=\"1369\">Ce drame reste un \u00e9pisode <strong data-start=\"1155\" data-end=\"1200\">profond\u00e9ment ancr\u00e9 dans la m\u00e9moire locale<\/strong>. Une <strong data-start=\"1206\" data-end=\"1229\">st\u00e8le comm\u00e9morative<\/strong>, install\u00e9e \u00e0 Dardault, \u00e0 quelques centaines de m\u00e8tres du g\u00eete,&nbsp; rend hommage chaque ann\u00e9e aux victimes de cette trag\u00e9die.&nbsp;<\/p>\t\t\t\t\t\t\t\t<\/div>\n\t\t\t\t<\/div>\n\t\t\t\t<div class=\"elementor-element elementor-element-5dbe1c6 elementor-align-center elementor-widget elementor-widget-button\" data-id=\"5dbe1c6\" data-element_type=\"widget\" data-e-type=\"widget\" data-widget_type=\"button.default\">\n\t\t\t\t<div class=\"elementor-widget-container\">\n\t\t\t\t\t\t\t\t\t<div class=\"elementor-button-wrapper\">\n\t\t\t\t\t<a class=\"elementor-button elementor-button-link elementor-size-sm\" href=\"https:\/\/www.gennievre.net\/wiki\/index.php\/Le_massacre_de_Druy-Parigny\">\n\t\t\t\t\t\t<span class=\"elementor-button-content-wrapper\">\n\t\t\t\t\t\t<span class=\"elementor-button-icon\">\n\t\t\t\t<i aria-hidden=\"true\" class=\"fas fa-long-arrow-alt-right\"><\/i>\t\t\t<\/span>\n\t\t\t\t\t\t\t\t\t<span class=\"elementor-button-text\">En savoir plus<\/span>\n\t\t\t\t\t<\/span>\n\t\t\t\t\t<\/a>\n\t\t\t\t<\/div>\n\t\t\t\t\t\t\t\t<\/div>\n\t\t\t\t<\/div>\n\t\t\t\t\t<\/div>\n\t\t<\/div>\n\t\t\t\t\t<\/div>\n\t\t<\/section>\n\t\t\t\t<\/div>\n\t\t","protected":false},"excerpt":{"rendered":"<p>Nich\u00e9 entre Decize et Nevers, au c\u0153ur de la Ni\u00e8vre, le village de Druy-Parigny s\u00e9duit par son calme, sa nature pr\u00e9serv\u00e9e\u2026 et son histoire mill\u00e9naire. Ce lieu discret, bord\u00e9 par la Loire et non loin du Morvan, cache un pass\u00e9 fascinant marqu\u00e9 par des baronnies m\u00e9di\u00e9vales, des guerres, des reconstructions et des souvenirs poignants. Que [&hellip;]<\/p>\n","protected":false},"author":1,"featured_media":1274,"comment_status":"closed","ping_status":"closed","sticky":false,"template":"","format":"standard","meta":{"site-sidebar-layout":"default","site-content-layout":"","ast-site-content-layout":"default","site-content-style":"default","site-sidebar-style":"default","ast-global-header-display":"","ast-banner-title-visibility":"","ast-main-header-display":"","ast-hfb-above-header-display":"","ast-hfb-below-header-display":"","ast-hfb-mobile-header-display":"","site-post-title":"","ast-breadcrumbs-content":"","ast-featured-img":"","footer-sml-layout":"","ast-disable-related-posts":"","theme-transparent-header-meta":"default","adv-header-id-meta":"","stick-header-meta":"","header-above-stick-meta":"","header-main-stick-meta":"","header-below-stick-meta":"","astra-migrate-meta-layouts":"set","ast-page-background-enabled":"default","ast-page-background-meta":{"desktop":{"background-color":"","background-image":"","background-repeat":"repeat","background-position":"center center","background-size":"auto","background-attachment":"scroll","background-type":"","background-media":"","overlay-type":"","overlay-color":"","overlay-opacity":"","overlay-gradient":""},"tablet":{"background-color":"","background-image":"","background-repeat":"repeat","background-position":"center center","background-size":"auto","background-attachment":"scroll","background-type":"","background-media":"","overlay-type":"","overlay-color":"","overlay-opacity":"","overlay-gradient":""},"mobile":{"background-color":"","background-image":"","background-repeat":"repeat","background-position":"center center","background-size":"auto","background-attachment":"scroll","background-type":"","background-media":"","overlay-type":"","overlay-color":"","overlay-opacity":"","overlay-gradient":""}},"ast-content-background-meta":{"desktop":{"background-color":"var(--ast-global-color-5)","background-image":"","background-repeat":"repeat","background-position":"center center","background-size":"auto","background-attachment":"scroll","background-type":"","background-media":"","overlay-type":"","overlay-color":"","overlay-opacity":"","overlay-gradient":""},"tablet":{"background-color":"var(--ast-global-color-5)","background-image":"","background-repeat":"repeat","background-position":"center center","background-size":"auto","background-attachment":"scroll","background-type":"","background-media":"","overlay-type":"","overlay-color":"","overlay-opacity":"","overlay-gradient":""},"mobile":{"background-color":"var(--ast-global-color-5)","background-image":"","background-repeat":"repeat","background-position":"center center","background-size":"auto","background-attachment":"scroll","background-type":"","background-media":"","overlay-type":"","overlay-color":"","overlay-opacity":"","overlay-gradient":""}},"footnotes":""},"categories":[22],"tags":[],"class_list":["post-1272","post","type-post","status-publish","format-standard","has-post-thumbnail","hentry","category-uncategorized-fr"],"yoast_head":"<!-- This site is optimized with the Yoast SEO plugin v27.4 - https:\/\/yoast.com\/product\/yoast-seo-wordpress\/ -->\n<title>\ud83c\udff0 Druy-Parigny : 1 000 ans d\u2019histoire entre Loire, ch\u00e2teau et m\u00e9moire - G\u00eete Le Petit Mingot<\/title>\n<meta name=\"robots\" content=\"index, follow, max-snippet:-1, max-image-preview:large, max-video-preview:-1\" \/>\n<link rel=\"canonical\" href=\"https:\/\/gitedupetitmingot.fr\/index.php\/fr\/2025\/06\/05\/druy-parigny-1-000-ans-dhistoire-entre-loire-chateau-et-memoire\/\" \/>\n<meta property=\"og:locale\" content=\"en_US\" \/>\n<meta property=\"og:type\" content=\"article\" \/>\n<meta property=\"og:title\" content=\"\ud83c\udff0 Druy-Parigny : 1 000 ans d\u2019histoire entre Loire, ch\u00e2teau et m\u00e9moire - G\u00eete Le Petit Mingot\" \/>\n<meta property=\"og:description\" content=\"Nich\u00e9 entre Decize et Nevers, au c\u0153ur de la Ni\u00e8vre, le village de Druy-Parigny s\u00e9duit par son calme, sa nature pr\u00e9serv\u00e9e\u2026 et son histoire mill\u00e9naire. Ce lieu discret, bord\u00e9 par la Loire et non loin du Morvan, cache un pass\u00e9 fascinant marqu\u00e9 par des baronnies m\u00e9di\u00e9vales, des guerres, des reconstructions et des souvenirs poignants. Que [&hellip;]\" \/>\n<meta property=\"og:url\" content=\"https:\/\/gitedupetitmingot.fr\/index.php\/fr\/2025\/06\/05\/druy-parigny-1-000-ans-dhistoire-entre-loire-chateau-et-memoire\/\" \/>\n<meta property=\"og:site_name\" content=\"G\u00eete Le Petit Mingot\" \/>\n<meta property=\"article:published_time\" content=\"2025-06-05T12:50:36+00:00\" \/>\n<meta property=\"article:modified_time\" content=\"2025-09-25T12:53:08+00:00\" \/>\n<meta property=\"og:image\" content=\"https:\/\/gitedupetitmingot.fr\/wp-content\/uploads\/2025\/06\/Druy_Parigny_chateau_01.jpg\" \/>\n\t<meta property=\"og:image:width\" content=\"1000\" \/>\n\t<meta property=\"og:image:height\" content=\"666\" \/>\n\t<meta property=\"og:image:type\" content=\"image\/jpeg\" \/>\n<meta name=\"author\" content=\"admin5570\" \/>\n<meta name=\"twitter:card\" content=\"summary_large_image\" \/>\n<meta name=\"twitter:label1\" content=\"Written by\" \/>\n\t<meta name=\"twitter:data1\" content=\"admin5570\" \/>\n\t<meta name=\"twitter:label2\" content=\"Est. reading time\" \/>\n\t<meta name=\"twitter:data2\" content=\"5 minutes\" \/>\n<script type=\"application\/ld+json\" class=\"yoast-schema-graph\">{\"@context\":\"https:\\\/\\\/schema.org\",\"@graph\":[{\"@type\":\"Article\",\"@id\":\"https:\\\/\\\/gitedupetitmingot.fr\\\/index.php\\\/fr\\\/2025\\\/06\\\/05\\\/druy-parigny-1-000-ans-dhistoire-entre-loire-chateau-et-memoire\\\/#article\",\"isPartOf\":{\"@id\":\"https:\\\/\\\/gitedupetitmingot.fr\\\/index.php\\\/fr\\\/2025\\\/06\\\/05\\\/druy-parigny-1-000-ans-dhistoire-entre-loire-chateau-et-memoire\\\/\"},\"author\":{\"name\":\"admin5570\",\"@id\":\"https:\\\/\\\/gitedupetitmingot.fr\\\/#\\\/schema\\\/person\\\/a68d2605e7b7f820e903517811913034\"},\"headline\":\"\ud83c\udff0 Druy-Parigny : 1 000 ans d\u2019histoire entre Loire, ch\u00e2teau et m\u00e9moire\",\"datePublished\":\"2025-06-05T12:50:36+00:00\",\"dateModified\":\"2025-09-25T12:53:08+00:00\",\"mainEntityOfPage\":{\"@id\":\"https:\\\/\\\/gitedupetitmingot.fr\\\/index.php\\\/fr\\\/2025\\\/06\\\/05\\\/druy-parigny-1-000-ans-dhistoire-entre-loire-chateau-et-memoire\\\/\"},\"wordCount\":1053,\"publisher\":{\"@id\":\"https:\\\/\\\/gitedupetitmingot.fr\\\/#organization\"},\"image\":{\"@id\":\"https:\\\/\\\/gitedupetitmingot.fr\\\/index.php\\\/fr\\\/2025\\\/06\\\/05\\\/druy-parigny-1-000-ans-dhistoire-entre-loire-chateau-et-memoire\\\/#primaryimage\"},\"thumbnailUrl\":\"https:\\\/\\\/gitedupetitmingot.fr\\\/wp-content\\\/uploads\\\/2025\\\/06\\\/Druy_Parigny_chateau_01.jpg\",\"inLanguage\":\"en-US\"},{\"@type\":\"WebPage\",\"@id\":\"https:\\\/\\\/gitedupetitmingot.fr\\\/index.php\\\/fr\\\/2025\\\/06\\\/05\\\/druy-parigny-1-000-ans-dhistoire-entre-loire-chateau-et-memoire\\\/\",\"url\":\"https:\\\/\\\/gitedupetitmingot.fr\\\/index.php\\\/fr\\\/2025\\\/06\\\/05\\\/druy-parigny-1-000-ans-dhistoire-entre-loire-chateau-et-memoire\\\/\",\"name\":\"\ud83c\udff0 Druy-Parigny : 1 000 ans d\u2019histoire entre Loire, ch\u00e2teau et m\u00e9moire - G\u00eete Le Petit Mingot\",\"isPartOf\":{\"@id\":\"https:\\\/\\\/gitedupetitmingot.fr\\\/#website\"},\"primaryImageOfPage\":{\"@id\":\"https:\\\/\\\/gitedupetitmingot.fr\\\/index.php\\\/fr\\\/2025\\\/06\\\/05\\\/druy-parigny-1-000-ans-dhistoire-entre-loire-chateau-et-memoire\\\/#primaryimage\"},\"image\":{\"@id\":\"https:\\\/\\\/gitedupetitmingot.fr\\\/index.php\\\/fr\\\/2025\\\/06\\\/05\\\/druy-parigny-1-000-ans-dhistoire-entre-loire-chateau-et-memoire\\\/#primaryimage\"},\"thumbnailUrl\":\"https:\\\/\\\/gitedupetitmingot.fr\\\/wp-content\\\/uploads\\\/2025\\\/06\\\/Druy_Parigny_chateau_01.jpg\",\"datePublished\":\"2025-06-05T12:50:36+00:00\",\"dateModified\":\"2025-09-25T12:53:08+00:00\",\"breadcrumb\":{\"@id\":\"https:\\\/\\\/gitedupetitmingot.fr\\\/index.php\\\/fr\\\/2025\\\/06\\\/05\\\/druy-parigny-1-000-ans-dhistoire-entre-loire-chateau-et-memoire\\\/#breadcrumb\"},\"inLanguage\":\"en-US\",\"potentialAction\":[{\"@type\":\"ReadAction\",\"target\":[\"https:\\\/\\\/gitedupetitmingot.fr\\\/index.php\\\/fr\\\/2025\\\/06\\\/05\\\/druy-parigny-1-000-ans-dhistoire-entre-loire-chateau-et-memoire\\\/\"]}]},{\"@type\":\"ImageObject\",\"inLanguage\":\"en-US\",\"@id\":\"https:\\\/\\\/gitedupetitmingot.fr\\\/index.php\\\/fr\\\/2025\\\/06\\\/05\\\/druy-parigny-1-000-ans-dhistoire-entre-loire-chateau-et-memoire\\\/#primaryimage\",\"url\":\"https:\\\/\\\/gitedupetitmingot.fr\\\/wp-content\\\/uploads\\\/2025\\\/06\\\/Druy_Parigny_chateau_01.jpg\",\"contentUrl\":\"https:\\\/\\\/gitedupetitmingot.fr\\\/wp-content\\\/uploads\\\/2025\\\/06\\\/Druy_Parigny_chateau_01.jpg\",\"width\":1000,\"height\":666},{\"@type\":\"BreadcrumbList\",\"@id\":\"https:\\\/\\\/gitedupetitmingot.fr\\\/index.php\\\/fr\\\/2025\\\/06\\\/05\\\/druy-parigny-1-000-ans-dhistoire-entre-loire-chateau-et-memoire\\\/#breadcrumb\",\"itemListElement\":[{\"@type\":\"ListItem\",\"position\":1,\"name\":\"Home\",\"item\":\"https:\\\/\\\/gitedupetitmingot.fr\\\/index.php\\\/fr\\\/gite-familial-nievre-decize-nevers\\\/\"},{\"@type\":\"ListItem\",\"position\":2,\"name\":\"\ud83c\udff0 Druy-Parigny : 1 000 ans d\u2019histoire entre Loire, ch\u00e2teau et m\u00e9moire\"}]},{\"@type\":\"WebSite\",\"@id\":\"https:\\\/\\\/gitedupetitmingot.fr\\\/#website\",\"url\":\"https:\\\/\\\/gitedupetitmingot.fr\\\/\",\"name\":\"G\u00eete Le Petit Mingot\",\"description\":\"\",\"publisher\":{\"@id\":\"https:\\\/\\\/gitedupetitmingot.fr\\\/#organization\"},\"potentialAction\":[{\"@type\":\"SearchAction\",\"target\":{\"@type\":\"EntryPoint\",\"urlTemplate\":\"https:\\\/\\\/gitedupetitmingot.fr\\\/?s={search_term_string}\"},\"query-input\":{\"@type\":\"PropertyValueSpecification\",\"valueRequired\":true,\"valueName\":\"search_term_string\"}}],\"inLanguage\":\"en-US\"},{\"@type\":\"Organization\",\"@id\":\"https:\\\/\\\/gitedupetitmingot.fr\\\/#organization\",\"name\":\"G\u00eete Le Petit Mingot\",\"url\":\"https:\\\/\\\/gitedupetitmingot.fr\\\/\",\"logo\":{\"@type\":\"ImageObject\",\"inLanguage\":\"en-US\",\"@id\":\"https:\\\/\\\/gitedupetitmingot.fr\\\/#\\\/schema\\\/logo\\\/image\\\/\",\"url\":\"https:\\\/\\\/gitedupetitmingot.fr\\\/wp-content\\\/uploads\\\/2025\\\/06\\\/cropped-Logo-Gite-du-Petit-Mingot.png\",\"contentUrl\":\"https:\\\/\\\/gitedupetitmingot.fr\\\/wp-content\\\/uploads\\\/2025\\\/06\\\/cropped-Logo-Gite-du-Petit-Mingot.png\",\"width\":800,\"height\":800,\"caption\":\"G\u00eete Le Petit Mingot\"},\"image\":{\"@id\":\"https:\\\/\\\/gitedupetitmingot.fr\\\/#\\\/schema\\\/logo\\\/image\\\/\"}},{\"@type\":\"Person\",\"@id\":\"https:\\\/\\\/gitedupetitmingot.fr\\\/#\\\/schema\\\/person\\\/a68d2605e7b7f820e903517811913034\",\"name\":\"admin5570\",\"url\":\"https:\\\/\\\/gitedupetitmingot.fr\\\/index.php\\\/author\\\/admin5570\\\/\"}]}<\/script>\n<!-- \/ Yoast SEO plugin. -->","yoast_head_json":{"title":"\ud83c\udff0 Druy-Parigny : 1 000 ans d\u2019histoire entre Loire, ch\u00e2teau et m\u00e9moire - G\u00eete Le Petit Mingot","robots":{"index":"index","follow":"follow","max-snippet":"max-snippet:-1","max-image-preview":"max-image-preview:large","max-video-preview":"max-video-preview:-1"},"canonical":"https:\/\/gitedupetitmingot.fr\/index.php\/fr\/2025\/06\/05\/druy-parigny-1-000-ans-dhistoire-entre-loire-chateau-et-memoire\/","og_locale":"en_US","og_type":"article","og_title":"\ud83c\udff0 Druy-Parigny : 1 000 ans d\u2019histoire entre Loire, ch\u00e2teau et m\u00e9moire - G\u00eete Le Petit Mingot","og_description":"Nich\u00e9 entre Decize et Nevers, au c\u0153ur de la Ni\u00e8vre, le village de Druy-Parigny s\u00e9duit par son calme, sa nature pr\u00e9serv\u00e9e\u2026 et son histoire mill\u00e9naire. Ce lieu discret, bord\u00e9 par la Loire et non loin du Morvan, cache un pass\u00e9 fascinant marqu\u00e9 par des baronnies m\u00e9di\u00e9vales, des guerres, des reconstructions et des souvenirs poignants. Que [&hellip;]","og_url":"https:\/\/gitedupetitmingot.fr\/index.php\/fr\/2025\/06\/05\/druy-parigny-1-000-ans-dhistoire-entre-loire-chateau-et-memoire\/","og_site_name":"G\u00eete Le Petit Mingot","article_published_time":"2025-06-05T12:50:36+00:00","article_modified_time":"2025-09-25T12:53:08+00:00","og_image":[{"width":1000,"height":666,"url":"https:\/\/gitedupetitmingot.fr\/wp-content\/uploads\/2025\/06\/Druy_Parigny_chateau_01.jpg","type":"image\/jpeg"}],"author":"admin5570","twitter_card":"summary_large_image","twitter_misc":{"Written by":"admin5570","Est. reading time":"5 minutes"},"schema":{"@context":"https:\/\/schema.org","@graph":[{"@type":"Article","@id":"https:\/\/gitedupetitmingot.fr\/index.php\/fr\/2025\/06\/05\/druy-parigny-1-000-ans-dhistoire-entre-loire-chateau-et-memoire\/#article","isPartOf":{"@id":"https:\/\/gitedupetitmingot.fr\/index.php\/fr\/2025\/06\/05\/druy-parigny-1-000-ans-dhistoire-entre-loire-chateau-et-memoire\/"},"author":{"name":"admin5570","@id":"https:\/\/gitedupetitmingot.fr\/#\/schema\/person\/a68d2605e7b7f820e903517811913034"},"headline":"\ud83c\udff0 Druy-Parigny : 1 000 ans d\u2019histoire entre Loire, ch\u00e2teau et m\u00e9moire","datePublished":"2025-06-05T12:50:36+00:00","dateModified":"2025-09-25T12:53:08+00:00","mainEntityOfPage":{"@id":"https:\/\/gitedupetitmingot.fr\/index.php\/fr\/2025\/06\/05\/druy-parigny-1-000-ans-dhistoire-entre-loire-chateau-et-memoire\/"},"wordCount":1053,"publisher":{"@id":"https:\/\/gitedupetitmingot.fr\/#organization"},"image":{"@id":"https:\/\/gitedupetitmingot.fr\/index.php\/fr\/2025\/06\/05\/druy-parigny-1-000-ans-dhistoire-entre-loire-chateau-et-memoire\/#primaryimage"},"thumbnailUrl":"https:\/\/gitedupetitmingot.fr\/wp-content\/uploads\/2025\/06\/Druy_Parigny_chateau_01.jpg","inLanguage":"en-US"},{"@type":"WebPage","@id":"https:\/\/gitedupetitmingot.fr\/index.php\/fr\/2025\/06\/05\/druy-parigny-1-000-ans-dhistoire-entre-loire-chateau-et-memoire\/","url":"https:\/\/gitedupetitmingot.fr\/index.php\/fr\/2025\/06\/05\/druy-parigny-1-000-ans-dhistoire-entre-loire-chateau-et-memoire\/","name":"\ud83c\udff0 Druy-Parigny : 1 000 ans d\u2019histoire entre Loire, ch\u00e2teau et m\u00e9moire - G\u00eete Le Petit Mingot","isPartOf":{"@id":"https:\/\/gitedupetitmingot.fr\/#website"},"primaryImageOfPage":{"@id":"https:\/\/gitedupetitmingot.fr\/index.php\/fr\/2025\/06\/05\/druy-parigny-1-000-ans-dhistoire-entre-loire-chateau-et-memoire\/#primaryimage"},"image":{"@id":"https:\/\/gitedupetitmingot.fr\/index.php\/fr\/2025\/06\/05\/druy-parigny-1-000-ans-dhistoire-entre-loire-chateau-et-memoire\/#primaryimage"},"thumbnailUrl":"https:\/\/gitedupetitmingot.fr\/wp-content\/uploads\/2025\/06\/Druy_Parigny_chateau_01.jpg","datePublished":"2025-06-05T12:50:36+00:00","dateModified":"2025-09-25T12:53:08+00:00","breadcrumb":{"@id":"https:\/\/gitedupetitmingot.fr\/index.php\/fr\/2025\/06\/05\/druy-parigny-1-000-ans-dhistoire-entre-loire-chateau-et-memoire\/#breadcrumb"},"inLanguage":"en-US","potentialAction":[{"@type":"ReadAction","target":["https:\/\/gitedupetitmingot.fr\/index.php\/fr\/2025\/06\/05\/druy-parigny-1-000-ans-dhistoire-entre-loire-chateau-et-memoire\/"]}]},{"@type":"ImageObject","inLanguage":"en-US","@id":"https:\/\/gitedupetitmingot.fr\/index.php\/fr\/2025\/06\/05\/druy-parigny-1-000-ans-dhistoire-entre-loire-chateau-et-memoire\/#primaryimage","url":"https:\/\/gitedupetitmingot.fr\/wp-content\/uploads\/2025\/06\/Druy_Parigny_chateau_01.jpg","contentUrl":"https:\/\/gitedupetitmingot.fr\/wp-content\/uploads\/2025\/06\/Druy_Parigny_chateau_01.jpg","width":1000,"height":666},{"@type":"BreadcrumbList","@id":"https:\/\/gitedupetitmingot.fr\/index.php\/fr\/2025\/06\/05\/druy-parigny-1-000-ans-dhistoire-entre-loire-chateau-et-memoire\/#breadcrumb","itemListElement":[{"@type":"ListItem","position":1,"name":"Home","item":"https:\/\/gitedupetitmingot.fr\/index.php\/fr\/gite-familial-nievre-decize-nevers\/"},{"@type":"ListItem","position":2,"name":"\ud83c\udff0 Druy-Parigny : 1 000 ans d\u2019histoire entre Loire, ch\u00e2teau et m\u00e9moire"}]},{"@type":"WebSite","@id":"https:\/\/gitedupetitmingot.fr\/#website","url":"https:\/\/gitedupetitmingot.fr\/","name":"G\u00eete Le Petit Mingot","description":"","publisher":{"@id":"https:\/\/gitedupetitmingot.fr\/#organization"},"potentialAction":[{"@type":"SearchAction","target":{"@type":"EntryPoint","urlTemplate":"https:\/\/gitedupetitmingot.fr\/?s={search_term_string}"},"query-input":{"@type":"PropertyValueSpecification","valueRequired":true,"valueName":"search_term_string"}}],"inLanguage":"en-US"},{"@type":"Organization","@id":"https:\/\/gitedupetitmingot.fr\/#organization","name":"G\u00eete Le Petit Mingot","url":"https:\/\/gitedupetitmingot.fr\/","logo":{"@type":"ImageObject","inLanguage":"en-US","@id":"https:\/\/gitedupetitmingot.fr\/#\/schema\/logo\/image\/","url":"https:\/\/gitedupetitmingot.fr\/wp-content\/uploads\/2025\/06\/cropped-Logo-Gite-du-Petit-Mingot.png","contentUrl":"https:\/\/gitedupetitmingot.fr\/wp-content\/uploads\/2025\/06\/cropped-Logo-Gite-du-Petit-Mingot.png","width":800,"height":800,"caption":"G\u00eete Le Petit Mingot"},"image":{"@id":"https:\/\/gitedupetitmingot.fr\/#\/schema\/logo\/image\/"}},{"@type":"Person","@id":"https:\/\/gitedupetitmingot.fr\/#\/schema\/person\/a68d2605e7b7f820e903517811913034","name":"admin5570","url":"https:\/\/gitedupetitmingot.fr\/index.php\/author\/admin5570\/"}]}},"_links":{"self":[{"href":"https:\/\/gitedupetitmingot.fr\/index.php\/wp-json\/wp\/v2\/posts\/1272","targetHints":{"allow":["GET"]}}],"collection":[{"href":"https:\/\/gitedupetitmingot.fr\/index.php\/wp-json\/wp\/v2\/posts"}],"about":[{"href":"https:\/\/gitedupetitmingot.fr\/index.php\/wp-json\/wp\/v2\/types\/post"}],"author":[{"embeddable":true,"href":"https:\/\/gitedupetitmingot.fr\/index.php\/wp-json\/wp\/v2\/users\/1"}],"replies":[{"embeddable":true,"href":"https:\/\/gitedupetitmingot.fr\/index.php\/wp-json\/wp\/v2\/comments?post=1272"}],"version-history":[{"count":21,"href":"https:\/\/gitedupetitmingot.fr\/index.php\/wp-json\/wp\/v2\/posts\/1272\/revisions"}],"predecessor-version":[{"id":1627,"href":"https:\/\/gitedupetitmingot.fr\/index.php\/wp-json\/wp\/v2\/posts\/1272\/revisions\/1627"}],"wp:featuredmedia":[{"embeddable":true,"href":"https:\/\/gitedupetitmingot.fr\/index.php\/wp-json\/wp\/v2\/media\/1274"}],"wp:attachment":[{"href":"https:\/\/gitedupetitmingot.fr\/index.php\/wp-json\/wp\/v2\/media?parent=1272"}],"wp:term":[{"taxonomy":"category","embeddable":true,"href":"https:\/\/gitedupetitmingot.fr\/index.php\/wp-json\/wp\/v2\/categories?post=1272"},{"taxonomy":"post_tag","embeddable":true,"href":"https:\/\/gitedupetitmingot.fr\/index.php\/wp-json\/wp\/v2\/tags?post=1272"}],"curies":[{"name":"wp","href":"https:\/\/api.w.org\/{rel}","templated":true}]}}