{"id":1301,"date":"2025-06-05T16:55:15","date_gmt":"2025-06-05T14:55:15","guid":{"rendered":"https:\/\/gitedupetitmingot.fr\/?p=1301"},"modified":"2025-09-25T14:53:00","modified_gmt":"2025-09-25T12:53:00","slug":"leglise-romane-de-beard-un-tresor-du-xiie-siecle-a-seulement-25-km-du-gite","status":"publish","type":"post","link":"https:\/\/gitedupetitmingot.fr\/index.php\/fr\/2025\/06\/05\/leglise-romane-de-beard-un-tresor-du-xiie-siecle-a-seulement-25-km-du-gite\/","title":{"rendered":"\u26ea L\u2019\u00e9glise romane de B\u00e9ard, un tr\u00e9sor du XIIe si\u00e8cle \u00e0 seulement 2,5 km"},"content":{"rendered":"\t\t<div data-elementor-type=\"wp-post\" data-elementor-id=\"1301\" class=\"elementor elementor-1301\" data-elementor-post-type=\"post\">\n\t\t\t\t\t\t<section class=\"elementor-section elementor-top-section elementor-element elementor-element-2654d45 elementor-section-boxed elementor-section-height-default elementor-section-height-default\" data-id=\"2654d45\" data-element_type=\"section\" data-e-type=\"section\">\n\t\t\t\t\t\t<div class=\"elementor-container elementor-column-gap-default\">\n\t\t\t\t\t<div class=\"elementor-column elementor-col-100 elementor-top-column elementor-element elementor-element-b4476a7\" data-id=\"b4476a7\" data-element_type=\"column\" data-e-type=\"column\">\n\t\t\t<div class=\"elementor-widget-wrap elementor-element-populated\">\n\t\t\t\t\t\t<div class=\"elementor-element elementor-element-72b6e7c elementor-widget elementor-widget-text-editor\" data-id=\"72b6e7c\" data-element_type=\"widget\" data-e-type=\"widget\" data-widget_type=\"text-editor.default\">\n\t\t\t\t<div class=\"elementor-widget-container\">\n\t\t\t\t\t\t\t\t\tL&#8217;\u00e9glise Saint-Laurent de B\u00e9ard, situ\u00e9e \u00e0 2,5kms du g\u00eete du Petit Mingot, est un remarquable exemple d&#8217;architecture romane bourguignonne. \u00c9difi\u00e9e au XIIe si\u00e8cle par des moines b\u00e9n\u00e9dictins du prieur\u00e9 de La Charit\u00e9-sur-Loire, elle t\u00e9moigne de l&#8217;influence clunisienne dans la r\u00e9gion.\t\t\t\t\t\t\t\t<\/div>\n\t\t\t\t<\/div>\n\t\t\t\t<div class=\"elementor-element elementor-element-6f2d035 elementor-widget elementor-widget-image\" data-id=\"6f2d035\" data-element_type=\"widget\" data-e-type=\"widget\" data-widget_type=\"image.default\">\n\t\t\t\t<div class=\"elementor-widget-container\">\n\t\t\t\t\t\t\t\t\t\t\t\t<figure class=\"wp-caption\">\n\t\t\t\t\t\t\t\t\t\t<img fetchpriority=\"high\" decoding=\"async\" width=\"509\" height=\"439\" src=\"https:\/\/gitedupetitmingot.fr\/wp-content\/uploads\/2025\/06\/unnamed-jpg.webp\" class=\"attachment-full size-full wp-image-1304\" alt=\"\" srcset=\"https:\/\/gitedupetitmingot.fr\/wp-content\/uploads\/2025\/06\/unnamed-jpg.webp 509w, https:\/\/gitedupetitmingot.fr\/wp-content\/uploads\/2025\/06\/unnamed-300x259.webp 300w\" sizes=\"(max-width: 509px) 100vw, 509px\" \/>\t\t\t\t\t\t\t\t\t\t\t<figcaption class=\"widget-image-caption wp-caption-text\">Source : www.bourgogneromane.com<\/figcaption>\n\t\t\t\t\t\t\t\t\t\t<\/figure>\n\t\t\t\t\t\t\t\t\t<\/div>\n\t\t\t\t<\/div>\n\t\t\t\t<div class=\"elementor-element elementor-element-5b57ba6 elementor-widget elementor-widget-text-editor\" data-id=\"5b57ba6\" data-element_type=\"widget\" data-e-type=\"widget\" data-widget_type=\"text-editor.default\">\n\t\t\t\t<div class=\"elementor-widget-container\">\n\t\t\t\t\t\t\t\t\tL&#8217;\u00e9glise Saint-Laurent de B\u00e9ard, situ\u00e9e \u00e0 2,5kms du g\u00eete du Petit Mingot, est un remarquable exemple d&#8217;architecture romane bourguignonne. \u00c9difi\u00e9e au XIIe si\u00e8cle par des moines b\u00e9n\u00e9dictins du prieur\u00e9 de La Charit\u00e9-sur-Loire, elle t\u00e9moigne de l&#8217;influence clunisienne dans la r\u00e9gion.\t\t\t\t\t\t\t\t<\/div>\n\t\t\t\t<\/div>\n\t\t\t\t<div class=\"elementor-element elementor-element-89fac93 elementor-invisible elementor-widget elementor-widget-heading\" data-id=\"89fac93\" data-element_type=\"widget\" data-e-type=\"widget\" data-settings=\"{&quot;_animation&quot;:&quot;fadeInUp&quot;}\" data-widget_type=\"heading.default\">\n\t\t\t\t<div class=\"elementor-widget-container\">\n\t\t\t\t\t<h2 class=\"elementor-heading-title elementor-size-default\">\ud83c\udfdb\ufe0f Un joyau de <b> l'art roman<\/h2>\t\t\t\t<\/div>\n\t\t\t\t<\/div>\n\t\t\t\t<div class=\"elementor-element elementor-element-a378c05 elementor-widget elementor-widget-text-editor\" data-id=\"a378c05\" data-element_type=\"widget\" data-e-type=\"widget\" data-widget_type=\"text-editor.default\">\n\t\t\t\t<div class=\"elementor-widget-container\">\n\t\t\t\t\t\t\t\t\t<p><span class=\"relative -mx-px my-[-0.2rem] rounded px-px py-[0.2rem] transition-colors duration-100 ease-in-out\">L&#8217;\u00e9glise pr\u00e9sente un plan en croix latine avec une nef unique, un transept saillant et une abside principale.<\/span> <span class=\"relative -mx-px my-[-0.2rem] rounded px-px py-[0.2rem] transition-colors duration-100 ease-in-out\">La crois\u00e9e du transept est surmont\u00e9e d&#8217;une coupole sur trompes, caract\u00e9ristique de l&#8217;architecture romane.<\/span> <span class=\"relative -mx-px my-[-0.2rem] rounded px-px py-[0.2rem] transition-colors duration-100 ease-in-out\">Le clocher, de plan carr\u00e9, s&#8217;\u00e9l\u00e8ve \u00e0 la crois\u00e9e du transept et comporte deux \u00e9tages orn\u00e9s de baies g\u00e9min\u00e9es, offrant une grande \u00e9l\u00e9gance \u00e0 l&#8217;ensemble.<\/span> <span class=\"relative -mx-px my-[-0.2rem] rounded px-px py-[0.2rem] transition-colors duration-100 ease-in-out\">L&#8217;\u00e9difice est orient\u00e9 avec un d\u00e9calage de 18\u00b0, correspondant \u00e0 la f\u00eate de la Saint-Laurent c\u00e9l\u00e9br\u00e9e le 10 ao\u00fbt<\/span> .<\/p>\t\t\t\t\t\t\t\t<\/div>\n\t\t\t\t<\/div>\n\t\t\t\t<div class=\"elementor-element elementor-element-803c258 elementor-widget elementor-widget-image\" data-id=\"803c258\" data-element_type=\"widget\" data-e-type=\"widget\" data-widget_type=\"image.default\">\n\t\t\t\t<div class=\"elementor-widget-container\">\n\t\t\t\t\t\t\t\t\t\t\t\t<figure class=\"wp-caption\">\n\t\t\t\t\t\t\t\t\t\t<img decoding=\"async\" width=\"417\" height=\"292\" src=\"https:\/\/gitedupetitmingot.fr\/wp-content\/uploads\/2025\/06\/ancienne-gravure-eglise-de-beard-cc.webp\" class=\"attachment-full size-full wp-image-1306\" alt=\"\" srcset=\"https:\/\/gitedupetitmingot.fr\/wp-content\/uploads\/2025\/06\/ancienne-gravure-eglise-de-beard-cc.webp 417w, https:\/\/gitedupetitmingot.fr\/wp-content\/uploads\/2025\/06\/ancienne-gravure-eglise-de-beard-cc-300x210.webp 300w\" sizes=\"(max-width: 417px) 100vw, 417px\" \/>\t\t\t\t\t\t\t\t\t\t\t<figcaption class=\"widget-image-caption wp-caption-text\">Lithographie de 1840 de l'\u00e9glise de B\u00e9ard<\/figcaption>\n\t\t\t\t\t\t\t\t\t\t<\/figure>\n\t\t\t\t\t\t\t\t\t<\/div>\n\t\t\t\t<\/div>\n\t\t\t\t<div class=\"elementor-element elementor-element-3ae1160 elementor-widget elementor-widget-text-editor\" data-id=\"3ae1160\" data-element_type=\"widget\" data-e-type=\"widget\" data-widget_type=\"text-editor.default\">\n\t\t\t\t<div class=\"elementor-widget-container\">\n\t\t\t\t\t\t\t\t\t<p><span class=\"relative -mx-px my-[-0.2rem] rounded px-px py-[0.2rem] transition-colors duration-100 ease-in-out\">Mentionn\u00e9e d\u00e8s 1287 comme cure dans les comptes de l&#8217;\u00e9v\u00each\u00e9 de Nevers, l&#8217;\u00e9glise a travers\u00e9 les si\u00e8cles en subissant diverses \u00e9preuves.<\/span> <span class=\"relative -mx-px my-[-0.2rem] rounded px-px py-[0.2rem] transition-colors duration-100 ease-in-out\">Elle fut pill\u00e9e lors de la R\u00e9volution fran\u00e7aise, ses cloches et objets de culte disparurent, et elle fut transform\u00e9e en grange.<\/span> <span class=\"relative -mx-px my-[-0.2rem] rounded px-px py-[0.2rem] transition-colors duration-100 ease-in-out\">Au XXe si\u00e8cle, un notaire de Nevers, s\u00e9duit par son clocher, acquit l&#8217;\u00e9difice et entreprit des travaux de restauration.<\/span> <span class=\"relative -mx-px my-[-0.2rem] rounded px-px py-[0.2rem] transition-colors duration-100 ease-in-out\">L&#8217;\u00e9glise fut class\u00e9e Monument Historique en 1972, et des campagnes de restauration ont \u00e9t\u00e9 men\u00e9es depuis pour pr\u00e9server ce patrimoine<\/span> .<\/p><p><span class=\"relative -mx-px my-[-0.2rem] rounded px-px py-[0.2rem] transition-colors duration-100 ease-in-out\">Bien que d\u00e9saffect\u00e9e du culte r\u00e9gulier, l&#8217;\u00e9glise Saint-Laurent de B\u00e9ard est ouverte au public tous les jours de 9h \u00e0 18h.<\/span> <span class=\"relative -mx-px my-[-0.2rem] rounded px-px py-[0.2rem] transition-colors duration-100 ease-in-out\">Elle accueille des manifestations culturelles, notamment des concerts et expositions durant l&#8217;\u00e9t\u00e9, et une messe est c\u00e9l\u00e9br\u00e9e le jour de la Saint-Laurent.<\/span> <span class=\"relative -mx-px my-[-0.2rem] rounded px-px py-[0.2rem] transition-colors duration-100 ease-in-out\">Son illumination lors des principales f\u00eates religieuses met en valeur sa silhouette \u00e9l\u00e9gante et son clocher remarquable<\/span> .<\/p><h3 data-start=\"884\" data-end=\"913\">\ud83d\udccd Informations pratiques<\/h3><ul><li data-start=\"915\" data-end=\"970\"><p data-start=\"917\" data-end=\"970\"><strong data-start=\"917\" data-end=\"928\">Adresse<\/strong> : <span class=\"relative -mx-px my-[-0.2rem] rounded px-px py-[0.2rem] transition-colors duration-100 ease-in-out\">3 Rue de la Fontaine Bonne Dame, 58160 B\u00e9ard<\/span><\/p><\/li><li data-start=\"971\" data-end=\"1024\"><p data-start=\"973\" data-end=\"1024\"><strong data-start=\"973\" data-end=\"982\">Acc\u00e8s<\/strong> : <span class=\"relative -mx-px my-[-0.2rem] rounded px-px py-[0.2rem] transition-colors duration-100 ease-in-out\">Situ\u00e9e entre Nevers et Decize, l&#8217;\u00e9glise est facilement accessible en voiture.<\/span><\/p><\/li><li data-start=\"973\" data-end=\"1024\"><strong data-start=\"1027\" data-end=\"1038\">Contact<\/strong> : <span class=\"relative -mx-px my-[-0.2rem] rounded px-px py-[0.2rem] transition-colors duration-100 ease-in-out\">Pour plus d&#8217;informations, vous pouvez contacter l&#8217;Association des Amis de l&#8217;\u00c9glise de B\u00e9ard au 03 86 50 11 32 ou par courriel \u00e0 <a href=\"mailto:association.eglise.beard@orange.fr\" data-start=\"128\" data-end=\"162\" data-is-last-node=\"\">association.eglise.beard@orange.fr<\/a><\/span><\/li><\/ul>\t\t\t\t\t\t\t\t<\/div>\n\t\t\t\t<\/div>\n\t\t\t\t<div class=\"elementor-element elementor-element-600f733 elementor-align-center elementor-widget elementor-widget-button\" data-id=\"600f733\" data-element_type=\"widget\" data-e-type=\"widget\" data-widget_type=\"button.default\">\n\t\t\t\t<div class=\"elementor-widget-container\">\n\t\t\t\t\t\t\t\t\t<div class=\"elementor-button-wrapper\">\n\t\t\t\t\t<a class=\"elementor-button elementor-button-link elementor-size-sm\" href=\"https:\/\/eglise-beard.fr\/son-histoire\/\">\n\t\t\t\t\t\t<span class=\"elementor-button-content-wrapper\">\n\t\t\t\t\t\t<span class=\"elementor-button-icon\">\n\t\t\t\t<i aria-hidden=\"true\" class=\"fas fa-long-arrow-alt-right\"><\/i>\t\t\t<\/span>\n\t\t\t\t\t\t\t\t\t<span class=\"elementor-button-text\">En savoir plus<\/span>\n\t\t\t\t\t<\/span>\n\t\t\t\t\t<\/a>\n\t\t\t\t<\/div>\n\t\t\t\t\t\t\t\t<\/div>\n\t\t\t\t<\/div>\n\t\t\t\t\t<\/div>\n\t\t<\/div>\n\t\t\t\t\t<\/div>\n\t\t<\/section>\n\t\t\t\t<\/div>\n\t\t","protected":false},"excerpt":{"rendered":"<p>L&#8217;\u00e9glise Saint-Laurent de B\u00e9ard, situ\u00e9e \u00e0 2,5kms du g\u00eete du Petit Mingot, est un remarquable exemple d&#8217;architecture romane bourguignonne. \u00c9difi\u00e9e au XIIe si\u00e8cle par des moines b\u00e9n\u00e9dictins du prieur\u00e9 de La Charit\u00e9-sur-Loire, elle t\u00e9moigne de l&#8217;influence clunisienne dans la r\u00e9gion. Source : www.bourgogneromane.com L&#8217;\u00e9glise Saint-Laurent de B\u00e9ard, situ\u00e9e \u00e0 2,5kms du g\u00eete du Petit Mingot, [&hellip;]<\/p>\n","protected":false},"author":1,"featured_media":1303,"comment_status":"closed","ping_status":"closed","sticky":false,"template":"","format":"standard","meta":{"site-sidebar-layout":"default","site-content-layout":"","ast-site-content-layout":"default","site-content-style":"default","site-sidebar-style":"default","ast-global-header-display":"","ast-banner-title-visibility":"","ast-main-header-display":"","ast-hfb-above-header-display":"","ast-hfb-below-header-display":"","ast-hfb-mobile-header-display":"","site-post-title":"","ast-breadcrumbs-content":"","ast-featured-img":"","footer-sml-layout":"","ast-disable-related-posts":"","theme-transparent-header-meta":"default","adv-header-id-meta":"","stick-header-meta":"","header-above-stick-meta":"","header-main-stick-meta":"","header-below-stick-meta":"","astra-migrate-meta-layouts":"set","ast-page-background-enabled":"default","ast-page-background-meta":{"desktop":{"background-color":"","background-image":"","background-repeat":"repeat","background-position":"center center","background-size":"auto","background-attachment":"scroll","background-type":"","background-media":"","overlay-type":"","overlay-color":"","overlay-opacity":"","overlay-gradient":""},"tablet":{"background-color":"","background-image":"","background-repeat":"repeat","background-position":"center center","background-size":"auto","background-attachment":"scroll","background-type":"","background-media":"","overlay-type":"","overlay-color":"","overlay-opacity":"","overlay-gradient":""},"mobile":{"background-color":"","background-image":"","background-repeat":"repeat","background-position":"center center","background-size":"auto","background-attachment":"scroll","background-type":"","background-media":"","overlay-type":"","overlay-color":"","overlay-opacity":"","overlay-gradient":""}},"ast-content-background-meta":{"desktop":{"background-color":"var(--ast-global-color-5)","background-image":"","background-repeat":"repeat","background-position":"center center","background-size":"auto","background-attachment":"scroll","background-type":"","background-media":"","overlay-type":"","overlay-color":"","overlay-opacity":"","overlay-gradient":""},"tablet":{"background-color":"var(--ast-global-color-5)","background-image":"","background-repeat":"repeat","background-position":"center center","background-size":"auto","background-attachment":"scroll","background-type":"","background-media":"","overlay-type":"","overlay-color":"","overlay-opacity":"","overlay-gradient":""},"mobile":{"background-color":"var(--ast-global-color-5)","background-image":"","background-repeat":"repeat","background-position":"center center","background-size":"auto","background-attachment":"scroll","background-type":"","background-media":"","overlay-type":"","overlay-color":"","overlay-opacity":"","overlay-gradient":""}},"footnotes":""},"categories":[22],"tags":[],"class_list":["post-1301","post","type-post","status-publish","format-standard","has-post-thumbnail","hentry","category-uncategorized-fr"],"yoast_head":"<!-- This site is optimized with the Yoast SEO plugin v27.4 - https:\/\/yoast.com\/product\/yoast-seo-wordpress\/ -->\n<title>\u26ea L\u2019\u00e9glise romane de B\u00e9ard, un tr\u00e9sor du XIIe si\u00e8cle \u00e0 seulement 2,5 km - G\u00eete Le Petit Mingot<\/title>\n<meta name=\"robots\" content=\"index, follow, max-snippet:-1, max-image-preview:large, max-video-preview:-1\" \/>\n<link rel=\"canonical\" href=\"https:\/\/gitedupetitmingot.fr\/index.php\/fr\/2025\/06\/05\/leglise-romane-de-beard-un-tresor-du-xiie-siecle-a-seulement-25-km-du-gite\/\" \/>\n<meta property=\"og:locale\" content=\"en_US\" \/>\n<meta property=\"og:type\" content=\"article\" \/>\n<meta property=\"og:title\" content=\"\u26ea L\u2019\u00e9glise romane de B\u00e9ard, un tr\u00e9sor du XIIe si\u00e8cle \u00e0 seulement 2,5 km - G\u00eete Le Petit Mingot\" \/>\n<meta property=\"og:description\" content=\"L&#8217;\u00e9glise Saint-Laurent de B\u00e9ard, situ\u00e9e \u00e0 2,5kms du g\u00eete du Petit Mingot, est un remarquable exemple d&#8217;architecture romane bourguignonne. \u00c9difi\u00e9e au XIIe si\u00e8cle par des moines b\u00e9n\u00e9dictins du prieur\u00e9 de La Charit\u00e9-sur-Loire, elle t\u00e9moigne de l&#8217;influence clunisienne dans la r\u00e9gion. Source : www.bourgogneromane.com L&#8217;\u00e9glise Saint-Laurent de B\u00e9ard, situ\u00e9e \u00e0 2,5kms du g\u00eete du Petit Mingot, [&hellip;]\" \/>\n<meta property=\"og:url\" content=\"https:\/\/gitedupetitmingot.fr\/index.php\/fr\/2025\/06\/05\/leglise-romane-de-beard-un-tresor-du-xiie-siecle-a-seulement-25-km-du-gite\/\" \/>\n<meta property=\"og:site_name\" content=\"G\u00eete Le Petit Mingot\" \/>\n<meta property=\"article:published_time\" content=\"2025-06-05T14:55:15+00:00\" \/>\n<meta property=\"article:modified_time\" content=\"2025-09-25T12:53:00+00:00\" \/>\n<meta property=\"og:image\" content=\"https:\/\/gitedupetitmingot.fr\/wp-content\/uploads\/2025\/06\/photo_11-edited-jpg.webp\" \/>\n\t<meta property=\"og:image:width\" content=\"707\" \/>\n\t<meta property=\"og:image:height\" content=\"398\" \/>\n\t<meta property=\"og:image:type\" content=\"image\/jpeg\" \/>\n<meta name=\"author\" content=\"admin5570\" \/>\n<meta name=\"twitter:card\" content=\"summary_large_image\" \/>\n<meta name=\"twitter:label1\" content=\"Written by\" \/>\n\t<meta name=\"twitter:data1\" content=\"admin5570\" \/>\n\t<meta name=\"twitter:label2\" content=\"Est. reading time\" \/>\n\t<meta name=\"twitter:data2\" content=\"3 minutes\" \/>\n<script type=\"application\/ld+json\" class=\"yoast-schema-graph\">{\"@context\":\"https:\\\/\\\/schema.org\",\"@graph\":[{\"@type\":\"Article\",\"@id\":\"https:\\\/\\\/gitedupetitmingot.fr\\\/index.php\\\/fr\\\/2025\\\/06\\\/05\\\/leglise-romane-de-beard-un-tresor-du-xiie-siecle-a-seulement-25-km-du-gite\\\/#article\",\"isPartOf\":{\"@id\":\"https:\\\/\\\/gitedupetitmingot.fr\\\/index.php\\\/fr\\\/2025\\\/06\\\/05\\\/leglise-romane-de-beard-un-tresor-du-xiie-siecle-a-seulement-25-km-du-gite\\\/\"},\"author\":{\"name\":\"admin5570\",\"@id\":\"https:\\\/\\\/gitedupetitmingot.fr\\\/#\\\/schema\\\/person\\\/a68d2605e7b7f820e903517811913034\"},\"headline\":\"\u26ea L\u2019\u00e9glise romane de B\u00e9ard, un tr\u00e9sor du XIIe si\u00e8cle \u00e0 seulement 2,5 km\",\"datePublished\":\"2025-06-05T14:55:15+00:00\",\"dateModified\":\"2025-09-25T12:53:00+00:00\",\"mainEntityOfPage\":{\"@id\":\"https:\\\/\\\/gitedupetitmingot.fr\\\/index.php\\\/fr\\\/2025\\\/06\\\/05\\\/leglise-romane-de-beard-un-tresor-du-xiie-siecle-a-seulement-25-km-du-gite\\\/\"},\"wordCount\":452,\"publisher\":{\"@id\":\"https:\\\/\\\/gitedupetitmingot.fr\\\/#organization\"},\"image\":{\"@id\":\"https:\\\/\\\/gitedupetitmingot.fr\\\/index.php\\\/fr\\\/2025\\\/06\\\/05\\\/leglise-romane-de-beard-un-tresor-du-xiie-siecle-a-seulement-25-km-du-gite\\\/#primaryimage\"},\"thumbnailUrl\":\"https:\\\/\\\/gitedupetitmingot.fr\\\/wp-content\\\/uploads\\\/2025\\\/06\\\/photo_11-edited-jpg.webp\",\"inLanguage\":\"en-US\"},{\"@type\":\"WebPage\",\"@id\":\"https:\\\/\\\/gitedupetitmingot.fr\\\/index.php\\\/fr\\\/2025\\\/06\\\/05\\\/leglise-romane-de-beard-un-tresor-du-xiie-siecle-a-seulement-25-km-du-gite\\\/\",\"url\":\"https:\\\/\\\/gitedupetitmingot.fr\\\/index.php\\\/fr\\\/2025\\\/06\\\/05\\\/leglise-romane-de-beard-un-tresor-du-xiie-siecle-a-seulement-25-km-du-gite\\\/\",\"name\":\"\u26ea L\u2019\u00e9glise romane de B\u00e9ard, un tr\u00e9sor du XIIe si\u00e8cle \u00e0 seulement 2,5 km - G\u00eete Le Petit Mingot\",\"isPartOf\":{\"@id\":\"https:\\\/\\\/gitedupetitmingot.fr\\\/#website\"},\"primaryImageOfPage\":{\"@id\":\"https:\\\/\\\/gitedupetitmingot.fr\\\/index.php\\\/fr\\\/2025\\\/06\\\/05\\\/leglise-romane-de-beard-un-tresor-du-xiie-siecle-a-seulement-25-km-du-gite\\\/#primaryimage\"},\"image\":{\"@id\":\"https:\\\/\\\/gitedupetitmingot.fr\\\/index.php\\\/fr\\\/2025\\\/06\\\/05\\\/leglise-romane-de-beard-un-tresor-du-xiie-siecle-a-seulement-25-km-du-gite\\\/#primaryimage\"},\"thumbnailUrl\":\"https:\\\/\\\/gitedupetitmingot.fr\\\/wp-content\\\/uploads\\\/2025\\\/06\\\/photo_11-edited-jpg.webp\",\"datePublished\":\"2025-06-05T14:55:15+00:00\",\"dateModified\":\"2025-09-25T12:53:00+00:00\",\"breadcrumb\":{\"@id\":\"https:\\\/\\\/gitedupetitmingot.fr\\\/index.php\\\/fr\\\/2025\\\/06\\\/05\\\/leglise-romane-de-beard-un-tresor-du-xiie-siecle-a-seulement-25-km-du-gite\\\/#breadcrumb\"},\"inLanguage\":\"en-US\",\"potentialAction\":[{\"@type\":\"ReadAction\",\"target\":[\"https:\\\/\\\/gitedupetitmingot.fr\\\/index.php\\\/fr\\\/2025\\\/06\\\/05\\\/leglise-romane-de-beard-un-tresor-du-xiie-siecle-a-seulement-25-km-du-gite\\\/\"]}]},{\"@type\":\"ImageObject\",\"inLanguage\":\"en-US\",\"@id\":\"https:\\\/\\\/gitedupetitmingot.fr\\\/index.php\\\/fr\\\/2025\\\/06\\\/05\\\/leglise-romane-de-beard-un-tresor-du-xiie-siecle-a-seulement-25-km-du-gite\\\/#primaryimage\",\"url\":\"https:\\\/\\\/gitedupetitmingot.fr\\\/wp-content\\\/uploads\\\/2025\\\/06\\\/photo_11-edited-jpg.webp\",\"contentUrl\":\"https:\\\/\\\/gitedupetitmingot.fr\\\/wp-content\\\/uploads\\\/2025\\\/06\\\/photo_11-edited-jpg.webp\",\"width\":707,\"height\":398},{\"@type\":\"BreadcrumbList\",\"@id\":\"https:\\\/\\\/gitedupetitmingot.fr\\\/index.php\\\/fr\\\/2025\\\/06\\\/05\\\/leglise-romane-de-beard-un-tresor-du-xiie-siecle-a-seulement-25-km-du-gite\\\/#breadcrumb\",\"itemListElement\":[{\"@type\":\"ListItem\",\"position\":1,\"name\":\"Home\",\"item\":\"https:\\\/\\\/gitedupetitmingot.fr\\\/index.php\\\/fr\\\/gite-familial-nievre-decize-nevers\\\/\"},{\"@type\":\"ListItem\",\"position\":2,\"name\":\"\u26ea L\u2019\u00e9glise romane de B\u00e9ard, un tr\u00e9sor du XIIe si\u00e8cle \u00e0 seulement 2,5 km\"}]},{\"@type\":\"WebSite\",\"@id\":\"https:\\\/\\\/gitedupetitmingot.fr\\\/#website\",\"url\":\"https:\\\/\\\/gitedupetitmingot.fr\\\/\",\"name\":\"G\u00eete Le Petit Mingot\",\"description\":\"\",\"publisher\":{\"@id\":\"https:\\\/\\\/gitedupetitmingot.fr\\\/#organization\"},\"potentialAction\":[{\"@type\":\"SearchAction\",\"target\":{\"@type\":\"EntryPoint\",\"urlTemplate\":\"https:\\\/\\\/gitedupetitmingot.fr\\\/?s={search_term_string}\"},\"query-input\":{\"@type\":\"PropertyValueSpecification\",\"valueRequired\":true,\"valueName\":\"search_term_string\"}}],\"inLanguage\":\"en-US\"},{\"@type\":\"Organization\",\"@id\":\"https:\\\/\\\/gitedupetitmingot.fr\\\/#organization\",\"name\":\"G\u00eete Le Petit Mingot\",\"url\":\"https:\\\/\\\/gitedupetitmingot.fr\\\/\",\"logo\":{\"@type\":\"ImageObject\",\"inLanguage\":\"en-US\",\"@id\":\"https:\\\/\\\/gitedupetitmingot.fr\\\/#\\\/schema\\\/logo\\\/image\\\/\",\"url\":\"https:\\\/\\\/gitedupetitmingot.fr\\\/wp-content\\\/uploads\\\/2025\\\/06\\\/cropped-Logo-Gite-du-Petit-Mingot.png\",\"contentUrl\":\"https:\\\/\\\/gitedupetitmingot.fr\\\/wp-content\\\/uploads\\\/2025\\\/06\\\/cropped-Logo-Gite-du-Petit-Mingot.png\",\"width\":800,\"height\":800,\"caption\":\"G\u00eete Le Petit Mingot\"},\"image\":{\"@id\":\"https:\\\/\\\/gitedupetitmingot.fr\\\/#\\\/schema\\\/logo\\\/image\\\/\"}},{\"@type\":\"Person\",\"@id\":\"https:\\\/\\\/gitedupetitmingot.fr\\\/#\\\/schema\\\/person\\\/a68d2605e7b7f820e903517811913034\",\"name\":\"admin5570\",\"url\":\"https:\\\/\\\/gitedupetitmingot.fr\\\/index.php\\\/author\\\/admin5570\\\/\"}]}<\/script>\n<!-- \/ Yoast SEO plugin. -->","yoast_head_json":{"title":"\u26ea L\u2019\u00e9glise romane de B\u00e9ard, un tr\u00e9sor du XIIe si\u00e8cle \u00e0 seulement 2,5 km - G\u00eete Le Petit Mingot","robots":{"index":"index","follow":"follow","max-snippet":"max-snippet:-1","max-image-preview":"max-image-preview:large","max-video-preview":"max-video-preview:-1"},"canonical":"https:\/\/gitedupetitmingot.fr\/index.php\/fr\/2025\/06\/05\/leglise-romane-de-beard-un-tresor-du-xiie-siecle-a-seulement-25-km-du-gite\/","og_locale":"en_US","og_type":"article","og_title":"\u26ea L\u2019\u00e9glise romane de B\u00e9ard, un tr\u00e9sor du XIIe si\u00e8cle \u00e0 seulement 2,5 km - G\u00eete Le Petit Mingot","og_description":"L&#8217;\u00e9glise Saint-Laurent de B\u00e9ard, situ\u00e9e \u00e0 2,5kms du g\u00eete du Petit Mingot, est un remarquable exemple d&#8217;architecture romane bourguignonne. \u00c9difi\u00e9e au XIIe si\u00e8cle par des moines b\u00e9n\u00e9dictins du prieur\u00e9 de La Charit\u00e9-sur-Loire, elle t\u00e9moigne de l&#8217;influence clunisienne dans la r\u00e9gion. Source : www.bourgogneromane.com L&#8217;\u00e9glise Saint-Laurent de B\u00e9ard, situ\u00e9e \u00e0 2,5kms du g\u00eete du Petit Mingot, [&hellip;]","og_url":"https:\/\/gitedupetitmingot.fr\/index.php\/fr\/2025\/06\/05\/leglise-romane-de-beard-un-tresor-du-xiie-siecle-a-seulement-25-km-du-gite\/","og_site_name":"G\u00eete Le Petit Mingot","article_published_time":"2025-06-05T14:55:15+00:00","article_modified_time":"2025-09-25T12:53:00+00:00","og_image":[{"width":707,"height":398,"url":"https:\/\/gitedupetitmingot.fr\/wp-content\/uploads\/2025\/06\/photo_11-edited-jpg.webp","type":"image\/jpeg"}],"author":"admin5570","twitter_card":"summary_large_image","twitter_misc":{"Written by":"admin5570","Est. reading time":"3 minutes"},"schema":{"@context":"https:\/\/schema.org","@graph":[{"@type":"Article","@id":"https:\/\/gitedupetitmingot.fr\/index.php\/fr\/2025\/06\/05\/leglise-romane-de-beard-un-tresor-du-xiie-siecle-a-seulement-25-km-du-gite\/#article","isPartOf":{"@id":"https:\/\/gitedupetitmingot.fr\/index.php\/fr\/2025\/06\/05\/leglise-romane-de-beard-un-tresor-du-xiie-siecle-a-seulement-25-km-du-gite\/"},"author":{"name":"admin5570","@id":"https:\/\/gitedupetitmingot.fr\/#\/schema\/person\/a68d2605e7b7f820e903517811913034"},"headline":"\u26ea L\u2019\u00e9glise romane de B\u00e9ard, un tr\u00e9sor du XIIe si\u00e8cle \u00e0 seulement 2,5 km","datePublished":"2025-06-05T14:55:15+00:00","dateModified":"2025-09-25T12:53:00+00:00","mainEntityOfPage":{"@id":"https:\/\/gitedupetitmingot.fr\/index.php\/fr\/2025\/06\/05\/leglise-romane-de-beard-un-tresor-du-xiie-siecle-a-seulement-25-km-du-gite\/"},"wordCount":452,"publisher":{"@id":"https:\/\/gitedupetitmingot.fr\/#organization"},"image":{"@id":"https:\/\/gitedupetitmingot.fr\/index.php\/fr\/2025\/06\/05\/leglise-romane-de-beard-un-tresor-du-xiie-siecle-a-seulement-25-km-du-gite\/#primaryimage"},"thumbnailUrl":"https:\/\/gitedupetitmingot.fr\/wp-content\/uploads\/2025\/06\/photo_11-edited-jpg.webp","inLanguage":"en-US"},{"@type":"WebPage","@id":"https:\/\/gitedupetitmingot.fr\/index.php\/fr\/2025\/06\/05\/leglise-romane-de-beard-un-tresor-du-xiie-siecle-a-seulement-25-km-du-gite\/","url":"https:\/\/gitedupetitmingot.fr\/index.php\/fr\/2025\/06\/05\/leglise-romane-de-beard-un-tresor-du-xiie-siecle-a-seulement-25-km-du-gite\/","name":"\u26ea L\u2019\u00e9glise romane de B\u00e9ard, un tr\u00e9sor du XIIe si\u00e8cle \u00e0 seulement 2,5 km - G\u00eete Le Petit Mingot","isPartOf":{"@id":"https:\/\/gitedupetitmingot.fr\/#website"},"primaryImageOfPage":{"@id":"https:\/\/gitedupetitmingot.fr\/index.php\/fr\/2025\/06\/05\/leglise-romane-de-beard-un-tresor-du-xiie-siecle-a-seulement-25-km-du-gite\/#primaryimage"},"image":{"@id":"https:\/\/gitedupetitmingot.fr\/index.php\/fr\/2025\/06\/05\/leglise-romane-de-beard-un-tresor-du-xiie-siecle-a-seulement-25-km-du-gite\/#primaryimage"},"thumbnailUrl":"https:\/\/gitedupetitmingot.fr\/wp-content\/uploads\/2025\/06\/photo_11-edited-jpg.webp","datePublished":"2025-06-05T14:55:15+00:00","dateModified":"2025-09-25T12:53:00+00:00","breadcrumb":{"@id":"https:\/\/gitedupetitmingot.fr\/index.php\/fr\/2025\/06\/05\/leglise-romane-de-beard-un-tresor-du-xiie-siecle-a-seulement-25-km-du-gite\/#breadcrumb"},"inLanguage":"en-US","potentialAction":[{"@type":"ReadAction","target":["https:\/\/gitedupetitmingot.fr\/index.php\/fr\/2025\/06\/05\/leglise-romane-de-beard-un-tresor-du-xiie-siecle-a-seulement-25-km-du-gite\/"]}]},{"@type":"ImageObject","inLanguage":"en-US","@id":"https:\/\/gitedupetitmingot.fr\/index.php\/fr\/2025\/06\/05\/leglise-romane-de-beard-un-tresor-du-xiie-siecle-a-seulement-25-km-du-gite\/#primaryimage","url":"https:\/\/gitedupetitmingot.fr\/wp-content\/uploads\/2025\/06\/photo_11-edited-jpg.webp","contentUrl":"https:\/\/gitedupetitmingot.fr\/wp-content\/uploads\/2025\/06\/photo_11-edited-jpg.webp","width":707,"height":398},{"@type":"BreadcrumbList","@id":"https:\/\/gitedupetitmingot.fr\/index.php\/fr\/2025\/06\/05\/leglise-romane-de-beard-un-tresor-du-xiie-siecle-a-seulement-25-km-du-gite\/#breadcrumb","itemListElement":[{"@type":"ListItem","position":1,"name":"Home","item":"https:\/\/gitedupetitmingot.fr\/index.php\/fr\/gite-familial-nievre-decize-nevers\/"},{"@type":"ListItem","position":2,"name":"\u26ea L\u2019\u00e9glise romane de B\u00e9ard, un tr\u00e9sor du XIIe si\u00e8cle \u00e0 seulement 2,5 km"}]},{"@type":"WebSite","@id":"https:\/\/gitedupetitmingot.fr\/#website","url":"https:\/\/gitedupetitmingot.fr\/","name":"G\u00eete Le Petit Mingot","description":"","publisher":{"@id":"https:\/\/gitedupetitmingot.fr\/#organization"},"potentialAction":[{"@type":"SearchAction","target":{"@type":"EntryPoint","urlTemplate":"https:\/\/gitedupetitmingot.fr\/?s={search_term_string}"},"query-input":{"@type":"PropertyValueSpecification","valueRequired":true,"valueName":"search_term_string"}}],"inLanguage":"en-US"},{"@type":"Organization","@id":"https:\/\/gitedupetitmingot.fr\/#organization","name":"G\u00eete Le Petit Mingot","url":"https:\/\/gitedupetitmingot.fr\/","logo":{"@type":"ImageObject","inLanguage":"en-US","@id":"https:\/\/gitedupetitmingot.fr\/#\/schema\/logo\/image\/","url":"https:\/\/gitedupetitmingot.fr\/wp-content\/uploads\/2025\/06\/cropped-Logo-Gite-du-Petit-Mingot.png","contentUrl":"https:\/\/gitedupetitmingot.fr\/wp-content\/uploads\/2025\/06\/cropped-Logo-Gite-du-Petit-Mingot.png","width":800,"height":800,"caption":"G\u00eete Le Petit Mingot"},"image":{"@id":"https:\/\/gitedupetitmingot.fr\/#\/schema\/logo\/image\/"}},{"@type":"Person","@id":"https:\/\/gitedupetitmingot.fr\/#\/schema\/person\/a68d2605e7b7f820e903517811913034","name":"admin5570","url":"https:\/\/gitedupetitmingot.fr\/index.php\/author\/admin5570\/"}]}},"_links":{"self":[{"href":"https:\/\/gitedupetitmingot.fr\/index.php\/wp-json\/wp\/v2\/posts\/1301","targetHints":{"allow":["GET"]}}],"collection":[{"href":"https:\/\/gitedupetitmingot.fr\/index.php\/wp-json\/wp\/v2\/posts"}],"about":[{"href":"https:\/\/gitedupetitmingot.fr\/index.php\/wp-json\/wp\/v2\/types\/post"}],"author":[{"embeddable":true,"href":"https:\/\/gitedupetitmingot.fr\/index.php\/wp-json\/wp\/v2\/users\/1"}],"replies":[{"embeddable":true,"href":"https:\/\/gitedupetitmingot.fr\/index.php\/wp-json\/wp\/v2\/comments?post=1301"}],"version-history":[{"count":8,"href":"https:\/\/gitedupetitmingot.fr\/index.php\/wp-json\/wp\/v2\/posts\/1301\/revisions"}],"predecessor-version":[{"id":1324,"href":"https:\/\/gitedupetitmingot.fr\/index.php\/wp-json\/wp\/v2\/posts\/1301\/revisions\/1324"}],"wp:featuredmedia":[{"embeddable":true,"href":"https:\/\/gitedupetitmingot.fr\/index.php\/wp-json\/wp\/v2\/media\/1303"}],"wp:attachment":[{"href":"https:\/\/gitedupetitmingot.fr\/index.php\/wp-json\/wp\/v2\/media?parent=1301"}],"wp:term":[{"taxonomy":"category","embeddable":true,"href":"https:\/\/gitedupetitmingot.fr\/index.php\/wp-json\/wp\/v2\/categories?post=1301"},{"taxonomy":"post_tag","embeddable":true,"href":"https:\/\/gitedupetitmingot.fr\/index.php\/wp-json\/wp\/v2\/tags?post=1301"}],"curies":[{"name":"wp","href":"https:\/\/api.w.org\/{rel}","templated":true}]}}