{"id":1343,"date":"2025-06-05T18:25:53","date_gmt":"2025-06-05T16:25:53","guid":{"rendered":"https:\/\/gitedupetitmingot.fr\/?p=1343"},"modified":"2025-09-25T14:52:40","modified_gmt":"2025-09-25T12:52:40","slug":"5-lieux-incontournables-a-visiter-autour-du-gite-du-petit-mingot","status":"publish","type":"post","link":"https:\/\/gitedupetitmingot.fr\/index.php\/fr\/2025\/06\/05\/5-lieux-incontournables-a-visiter-autour-du-gite-du-petit-mingot\/","title":{"rendered":"\ud83e\udded 5 lieux incontournables \u00e0 visiter autour du G\u00eete du Petit Mingot"},"content":{"rendered":"\t\t<div data-elementor-type=\"wp-post\" data-elementor-id=\"1343\" class=\"elementor elementor-1343\" data-elementor-post-type=\"post\">\n\t\t\t\t\t\t<section class=\"elementor-section elementor-top-section elementor-element elementor-element-1adc9bf elementor-section-boxed elementor-section-height-default elementor-section-height-default\" data-id=\"1adc9bf\" data-element_type=\"section\" data-e-type=\"section\">\n\t\t\t\t\t\t<div class=\"elementor-container elementor-column-gap-default\">\n\t\t\t\t\t<div class=\"elementor-column elementor-col-100 elementor-top-column elementor-element elementor-element-10dfd40\" data-id=\"10dfd40\" data-element_type=\"column\" data-e-type=\"column\">\n\t\t\t<div class=\"elementor-widget-wrap elementor-element-populated\">\n\t\t\t\t\t\t<div class=\"elementor-element elementor-element-f512bff elementor-widget elementor-widget-text-editor\" data-id=\"f512bff\" data-element_type=\"widget\" data-e-type=\"widget\" data-widget_type=\"text-editor.default\">\n\t\t\t\t<div class=\"elementor-widget-container\">\n\t\t\t\t\t\t\t\t\t<p><span class=\"relative -mx-px my-[-0.2rem] rounded px-px py-[0.2rem] transition-colors duration-100 ease-in-out\">Situ\u00e9 au c\u0153ur du Sud Nivernais,<strong> le G\u00eete du Petit Mingot est le point de d\u00e9part id\u00e9al pour explorer les tr\u00e9sors culturels et naturels de la r\u00e9gion.<\/strong><\/span> <span class=\"relative -mx-px my-[-0.2rem] rounded px-px py-[0.2rem] transition-colors duration-100 ease-in-out\">Voici cinq sites incontournables \u00e0 d\u00e9couvrir \u00e0 proximit\u00e9 :<\/span><\/p>\t\t\t\t\t\t\t\t<\/div>\n\t\t\t\t<\/div>\n\t\t\t\t<div class=\"elementor-element elementor-element-6aeb0b4 elementor-headline--style-highlight elementor-widget elementor-widget-animated-headline\" data-id=\"6aeb0b4\" data-element_type=\"widget\" data-e-type=\"widget\" data-settings=\"{&quot;highlighted_text&quot;:&quot;1&quot;,&quot;headline_style&quot;:&quot;highlight&quot;,&quot;marker&quot;:&quot;circle&quot;,&quot;loop&quot;:&quot;yes&quot;,&quot;highlight_animation_duration&quot;:1200,&quot;highlight_iteration_delay&quot;:8000}\" data-widget_type=\"animated-headline.default\">\n\t\t\t\t<div class=\"elementor-widget-container\">\n\t\t\t\t\t\t\t<h3 class=\"elementor-headline\">\n\t\t\t\t<span class=\"elementor-headline-dynamic-wrapper elementor-headline-text-wrapper\">\n\t\t\t\t\t<span class=\"elementor-headline-dynamic-text elementor-headline-text-active\">1<\/span>\n\t\t\t\t<\/span>\n\t\t\t\t<\/h3>\n\t\t\t\t\t\t<\/div>\n\t\t\t\t<\/div>\n\t\t\t\t<div class=\"elementor-element elementor-element-e0acb8f elementor-invisible elementor-widget elementor-widget-heading\" data-id=\"e0acb8f\" data-element_type=\"widget\" data-e-type=\"widget\" data-settings=\"{&quot;_animation&quot;:&quot;fadeInUp&quot;}\" data-widget_type=\"heading.default\">\n\t\t\t\t<div class=\"elementor-widget-container\">\n\t\t\t\t\t<h2 class=\"elementor-heading-title elementor-size-default\"><b> Le Bec d\u2019Allier <\/b><br> Confluence sauvage entre Loire et Allier<\/h2>\t\t\t\t<\/div>\n\t\t\t\t<\/div>\n\t\t\t\t<div class=\"elementor-element elementor-element-f860ef9 elementor-widget elementor-widget-text-editor\" data-id=\"f860ef9\" data-element_type=\"widget\" data-e-type=\"widget\" data-widget_type=\"text-editor.default\">\n\t\t\t\t<div class=\"elementor-widget-container\">\n\t\t\t\t\t\t\t\t\t<p><span class=\"relative -mx-px my-[-0.2rem] rounded px-px py-[0.2rem] transition-colors duration-100 ease-in-out\">\u00c0 environ 30 minutes du g\u00eete, le Bec d\u2019Allier est un <strong>site naturel remarquable o\u00f9 la Loire et l\u2019Allier se rejoignent.<\/strong><\/span> <span class=\"relative -mx-px my-[-0.2rem] rounded px-px py-[0.2rem] transition-colors duration-100 ease-in-out\">Class\u00e9 \u00ab Site Panda Fluvial \u00bb par le WWF, ce lieu offre une biodiversit\u00e9 exceptionnelle avec ses bancs de sable, for\u00eats alluviales et prairies.<\/span> <span class=\"relative -mx-px my-[-0.2rem] rounded px-px py-[0.2rem] transition-colors duration-100 ease-in-out\">Des sentiers de randonn\u00e9e, comme le Sentier du Passeur, permettent d\u2019explorer cette zone pr\u00e9serv\u00e9e \u00e0 pied, tandis que des balades en toue, bateau traditionnel de la Loire, offrent une perspective unique sur la confluence<\/span> .<\/p>\t\t\t\t\t\t\t\t<\/div>\n\t\t\t\t<\/div>\n\t\t\t\t<div class=\"elementor-element elementor-element-241ee38 elementor-widget elementor-widget-image\" data-id=\"241ee38\" data-element_type=\"widget\" data-e-type=\"widget\" data-widget_type=\"image.default\">\n\t\t\t\t<div class=\"elementor-widget-container\">\n\t\t\t\t\t\t\t\t\t\t\t\t<figure class=\"wp-caption\">\n\t\t\t\t\t\t\t\t\t\t<img fetchpriority=\"high\" decoding=\"async\" width=\"1000\" height=\"563\" src=\"https:\/\/gitedupetitmingot.fr\/wp-content\/uploads\/2025\/06\/AdobeStock_287174081-1-jpeg.webp\" class=\"attachment-full size-full wp-image-1346\" alt=\"\" srcset=\"https:\/\/gitedupetitmingot.fr\/wp-content\/uploads\/2025\/06\/AdobeStock_287174081-1-jpeg.webp 1000w, https:\/\/gitedupetitmingot.fr\/wp-content\/uploads\/2025\/06\/AdobeStock_287174081-1-300x169.webp 300w, https:\/\/gitedupetitmingot.fr\/wp-content\/uploads\/2025\/06\/AdobeStock_287174081-1-768x432.webp 768w\" sizes=\"(max-width: 1000px) 100vw, 1000px\" \/>\t\t\t\t\t\t\t\t\t\t\t<figcaption class=\"widget-image-caption wp-caption-text\">Le bec d'Allier, la Loire et l'Allier se rejoignent \u00e0 Nevers<\/figcaption>\n\t\t\t\t\t\t\t\t\t\t<\/figure>\n\t\t\t\t\t\t\t\t\t<\/div>\n\t\t\t\t<\/div>\n\t\t\t\t\t<\/div>\n\t\t<\/div>\n\t\t\t\t\t<\/div>\n\t\t<\/section>\n\t\t\t\t<section class=\"elementor-section elementor-top-section elementor-element elementor-element-da421cf elementor-section-boxed elementor-section-height-default elementor-section-height-default\" data-id=\"da421cf\" data-element_type=\"section\" data-e-type=\"section\">\n\t\t\t\t\t\t<div class=\"elementor-container elementor-column-gap-default\">\n\t\t\t\t\t<div class=\"elementor-column elementor-col-100 elementor-top-column elementor-element elementor-element-dece32b\" data-id=\"dece32b\" data-element_type=\"column\" data-e-type=\"column\">\n\t\t\t<div class=\"elementor-widget-wrap elementor-element-populated\">\n\t\t\t\t\t\t<div class=\"elementor-element elementor-element-a7e5294 elementor-headline--style-highlight elementor-widget elementor-widget-animated-headline\" data-id=\"a7e5294\" data-element_type=\"widget\" data-e-type=\"widget\" data-settings=\"{&quot;highlighted_text&quot;:&quot;2&quot;,&quot;headline_style&quot;:&quot;highlight&quot;,&quot;marker&quot;:&quot;circle&quot;,&quot;loop&quot;:&quot;yes&quot;,&quot;highlight_animation_duration&quot;:1200,&quot;highlight_iteration_delay&quot;:8000}\" data-widget_type=\"animated-headline.default\">\n\t\t\t\t<div class=\"elementor-widget-container\">\n\t\t\t\t\t\t\t<h3 class=\"elementor-headline\">\n\t\t\t\t<span class=\"elementor-headline-dynamic-wrapper elementor-headline-text-wrapper\">\n\t\t\t\t\t<span class=\"elementor-headline-dynamic-text elementor-headline-text-active\">2<\/span>\n\t\t\t\t<\/span>\n\t\t\t\t<\/h3>\n\t\t\t\t\t\t<\/div>\n\t\t\t\t<\/div>\n\t\t\t\t<div class=\"elementor-element elementor-element-5e1d144 elementor-invisible elementor-widget elementor-widget-heading\" data-id=\"5e1d144\" data-element_type=\"widget\" data-e-type=\"widget\" data-settings=\"{&quot;_animation&quot;:&quot;fadeInUp&quot;}\" data-widget_type=\"heading.default\">\n\t\t\t\t<div class=\"elementor-widget-container\">\n\t\t\t\t\t<h2 class=\"elementor-heading-title elementor-size-default\"><b> Apremont-sur-Allier <\/b> <br> Un des plus beaux villages de France<\/h2>\t\t\t\t<\/div>\n\t\t\t\t<\/div>\n\t\t\t\t<div class=\"elementor-element elementor-element-17e7edd elementor-widget elementor-widget-text-editor\" data-id=\"17e7edd\" data-element_type=\"widget\" data-e-type=\"widget\" data-widget_type=\"text-editor.default\">\n\t\t\t\t<div class=\"elementor-widget-container\">\n\t\t\t\t\t\t\t\t\t<p data-start=\"220\" data-end=\"559\"><span class=\"relative -mx-px my-[-0.2rem] rounded px-px py-[0.2rem] transition-colors duration-100 ease-in-out\">\u00c0 environ 30 minutes du g\u00eete, Apremont-sur-Allier est un village m\u00e9di\u00e9val class\u00e9 parmi les <strong>\u00ab Plus Beaux Villages de France \u00bb<\/strong>.<\/span> <span class=\"relative -mx-px my-[-0.2rem] rounded px-px py-[0.2rem] transition-colors duration-100 ease-in-out\">Ses maisons aux fa\u00e7ades ocre, son ch\u00e2teau du XVe si\u00e8cle (non visitable) et son <strong>parc floral labellis\u00e9 \u00ab Jardin Remarquable \u00bb<\/strong> en font une destination pleine de charme.<\/span> <span class=\"relative -mx-px my-[-0.2rem] rounded px-px py-[0.2rem] transition-colors duration-100 ease-in-out\">Le parc floral, inspir\u00e9 des jardins anglais, offre une promenade f\u00e9erique ponctu\u00e9e de cascades, de fabriques et de plantes rares<\/span> .<\/p>\t\t\t\t\t\t\t\t<\/div>\n\t\t\t\t<\/div>\n\t\t\t\t<div class=\"elementor-element elementor-element-e31de55 elementor-align-center elementor-widget elementor-widget-button\" data-id=\"e31de55\" data-element_type=\"widget\" data-e-type=\"widget\" data-widget_type=\"button.default\">\n\t\t\t\t<div class=\"elementor-widget-container\">\n\t\t\t\t\t\t\t\t\t<div class=\"elementor-button-wrapper\">\n\t\t\t\t\t<a class=\"elementor-button elementor-button-link elementor-size-sm\" href=\"https:\/\/www.apremont-sur-allier.com\/explorer\/le-village\/\">\n\t\t\t\t\t\t<span class=\"elementor-button-content-wrapper\">\n\t\t\t\t\t\t<span class=\"elementor-button-icon\">\n\t\t\t\t<i aria-hidden=\"true\" class=\"fas fa-long-arrow-alt-right\"><\/i>\t\t\t<\/span>\n\t\t\t\t\t\t\t\t\t<span class=\"elementor-button-text\">En savoir plus<\/span>\n\t\t\t\t\t<\/span>\n\t\t\t\t\t<\/a>\n\t\t\t\t<\/div>\n\t\t\t\t\t\t\t\t<\/div>\n\t\t\t\t<\/div>\n\t\t\t\t<div class=\"elementor-element elementor-element-4651a96 elementor-widget elementor-widget-image\" data-id=\"4651a96\" data-element_type=\"widget\" data-e-type=\"widget\" data-widget_type=\"image.default\">\n\t\t\t\t<div class=\"elementor-widget-container\">\n\t\t\t\t\t\t\t\t\t\t\t\t<figure class=\"wp-caption\">\n\t\t\t\t\t\t\t\t\t\t<img decoding=\"async\" width=\"1280\" height=\"857\" src=\"https:\/\/gitedupetitmingot.fr\/wp-content\/uploads\/2025\/06\/Vue_generale_du_village_dApremont-jpg.webp\" class=\"attachment-full size-full wp-image-1347\" alt=\"\" srcset=\"https:\/\/gitedupetitmingot.fr\/wp-content\/uploads\/2025\/06\/Vue_generale_du_village_dApremont-jpg.webp 1280w, https:\/\/gitedupetitmingot.fr\/wp-content\/uploads\/2025\/06\/Vue_generale_du_village_dApremont-300x201.webp 300w, https:\/\/gitedupetitmingot.fr\/wp-content\/uploads\/2025\/06\/Vue_generale_du_village_dApremont-1024x686.webp 1024w, https:\/\/gitedupetitmingot.fr\/wp-content\/uploads\/2025\/06\/Vue_generale_du_village_dApremont-768x514.webp 768w\" sizes=\"(max-width: 1280px) 100vw, 1280px\" \/>\t\t\t\t\t\t\t\t\t\t\t<figcaption class=\"widget-image-caption wp-caption-text\">Apremont-sur-Allier<\/figcaption>\n\t\t\t\t\t\t\t\t\t\t<\/figure>\n\t\t\t\t\t\t\t\t\t<\/div>\n\t\t\t\t<\/div>\n\t\t\t\t\t<\/div>\n\t\t<\/div>\n\t\t\t\t\t<\/div>\n\t\t<\/section>\n\t\t\t\t<section class=\"elementor-section elementor-top-section elementor-element elementor-element-79257fa elementor-section-boxed elementor-section-height-default elementor-section-height-default\" data-id=\"79257fa\" data-element_type=\"section\" data-e-type=\"section\">\n\t\t\t\t\t\t<div class=\"elementor-container elementor-column-gap-default\">\n\t\t\t\t\t<div class=\"elementor-column elementor-col-100 elementor-top-column elementor-element elementor-element-ab09f7d\" data-id=\"ab09f7d\" data-element_type=\"column\" data-e-type=\"column\">\n\t\t\t<div class=\"elementor-widget-wrap elementor-element-populated\">\n\t\t\t\t\t\t<div class=\"elementor-element elementor-element-93d56a8 elementor-headline--style-highlight elementor-widget elementor-widget-animated-headline\" data-id=\"93d56a8\" data-element_type=\"widget\" data-e-type=\"widget\" data-settings=\"{&quot;highlighted_text&quot;:&quot;3&quot;,&quot;headline_style&quot;:&quot;highlight&quot;,&quot;marker&quot;:&quot;circle&quot;,&quot;loop&quot;:&quot;yes&quot;,&quot;highlight_animation_duration&quot;:1200,&quot;highlight_iteration_delay&quot;:8000}\" data-widget_type=\"animated-headline.default\">\n\t\t\t\t<div class=\"elementor-widget-container\">\n\t\t\t\t\t\t\t<h3 class=\"elementor-headline\">\n\t\t\t\t<span class=\"elementor-headline-dynamic-wrapper elementor-headline-text-wrapper\">\n\t\t\t\t\t<span class=\"elementor-headline-dynamic-text elementor-headline-text-active\">3<\/span>\n\t\t\t\t<\/span>\n\t\t\t\t<\/h3>\n\t\t\t\t\t\t<\/div>\n\t\t\t\t<\/div>\n\t\t\t\t<div class=\"elementor-element elementor-element-7806668 elementor-invisible elementor-widget elementor-widget-heading\" data-id=\"7806668\" data-element_type=\"widget\" data-e-type=\"widget\" data-settings=\"{&quot;_animation&quot;:&quot;fadeInUp&quot;}\" data-widget_type=\"heading.default\">\n\t\t\t\t<div class=\"elementor-widget-container\">\n\t\t\t\t\t<h2 class=\"elementor-heading-title elementor-size-default\"><b> Arboretum de Balaine <\/b> <br> Le plus ancien parc botanique priv\u00e9 de France<\/h2>\t\t\t\t<\/div>\n\t\t\t\t<\/div>\n\t\t\t\t<div class=\"elementor-element elementor-element-ea13e40 elementor-widget elementor-widget-text-editor\" data-id=\"ea13e40\" data-element_type=\"widget\" data-e-type=\"widget\" data-widget_type=\"text-editor.default\">\n\t\t\t\t<div class=\"elementor-widget-container\">\n\t\t\t\t\t\t\t\t\t<p data-start=\"173\" data-end=\"483\"><span class=\"relative -mx-px my-[-0.2rem] rounded px-px py-[0.2rem] transition-colors duration-100 ease-in-out\">Situ\u00e9 \u00e0 environ 35 km du g\u00eete, <strong>l\u2019Arboretum de Balaine est un jardin botanique exceptionnel fond\u00e9 en 1804.<\/strong><\/span> <span class=\"relative -mx-px my-[-0.2rem] rounded px-px py-[0.2rem] transition-colors duration-100 ease-in-out\">Il abrite plus de 2 500 esp\u00e8ces d\u2019arbres et de plantes du monde entier, r\u00e9parties sur 20 hectares.<\/span> <span class=\"relative -mx-px my-[-0.2rem] rounded px-px py-[0.2rem] transition-colors duration-100 ease-in-out\">Ouvert de mars \u00e0 novembre, l\u2019arboretum propose des visites libres ou guid\u00e9es pour d\u00e9couvrir sa collection unique dans un cadre paisible<\/span> .<\/p>\t\t\t\t\t\t\t\t<\/div>\n\t\t\t\t<\/div>\n\t\t\t\t<div class=\"elementor-element elementor-element-735ba1c elementor-align-center elementor-widget elementor-widget-button\" data-id=\"735ba1c\" data-element_type=\"widget\" data-e-type=\"widget\" data-widget_type=\"button.default\">\n\t\t\t\t<div class=\"elementor-widget-container\">\n\t\t\t\t\t\t\t\t\t<div class=\"elementor-button-wrapper\">\n\t\t\t\t\t<a class=\"elementor-button elementor-button-link elementor-size-sm\" href=\"https:\/\/www.allier-auvergne-tourisme.com\/nature\/parcs-et-jardin\/arboretum-de-balaine-230-1.html\">\n\t\t\t\t\t\t<span class=\"elementor-button-content-wrapper\">\n\t\t\t\t\t\t<span class=\"elementor-button-icon\">\n\t\t\t\t<i aria-hidden=\"true\" class=\"fas fa-long-arrow-alt-right\"><\/i>\t\t\t<\/span>\n\t\t\t\t\t\t\t\t\t<span class=\"elementor-button-text\">En savoir plus<\/span>\n\t\t\t\t\t<\/span>\n\t\t\t\t\t<\/a>\n\t\t\t\t<\/div>\n\t\t\t\t\t\t\t\t<\/div>\n\t\t\t\t<\/div>\n\t\t\t\t<div class=\"elementor-element elementor-element-c32894b elementor-widget elementor-widget-image\" data-id=\"c32894b\" data-element_type=\"widget\" data-e-type=\"widget\" data-widget_type=\"image.default\">\n\t\t\t\t<div class=\"elementor-widget-container\">\n\t\t\t\t\t\t\t\t\t\t\t\t<figure class=\"wp-caption\">\n\t\t\t\t\t\t\t\t\t\t<img decoding=\"async\" width=\"1024\" height=\"767\" src=\"https:\/\/gitedupetitmingot.fr\/wp-content\/uploads\/2025\/06\/arboretum-de-balaine.webp\" class=\"attachment-full size-full wp-image-1348\" alt=\"\" srcset=\"https:\/\/gitedupetitmingot.fr\/wp-content\/uploads\/2025\/06\/arboretum-de-balaine.webp 1024w, https:\/\/gitedupetitmingot.fr\/wp-content\/uploads\/2025\/06\/arboretum-de-balaine-300x225.webp 300w, https:\/\/gitedupetitmingot.fr\/wp-content\/uploads\/2025\/06\/arboretum-de-balaine-768x575.webp 768w\" sizes=\"(max-width: 1024px) 100vw, 1024px\" \/>\t\t\t\t\t\t\t\t\t\t\t<figcaption class=\"widget-image-caption wp-caption-text\">Source : elodylovestravels.com<\/figcaption>\n\t\t\t\t\t\t\t\t\t\t<\/figure>\n\t\t\t\t\t\t\t\t\t<\/div>\n\t\t\t\t<\/div>\n\t\t\t\t\t<\/div>\n\t\t<\/div>\n\t\t\t\t\t<\/div>\n\t\t<\/section>\n\t\t\t\t<section class=\"elementor-section elementor-top-section elementor-element elementor-element-30fadae elementor-section-boxed elementor-section-height-default elementor-section-height-default\" data-id=\"30fadae\" data-element_type=\"section\" data-e-type=\"section\">\n\t\t\t\t\t\t<div class=\"elementor-container elementor-column-gap-default\">\n\t\t\t\t\t<div class=\"elementor-column elementor-col-100 elementor-top-column elementor-element elementor-element-e529534\" data-id=\"e529534\" data-element_type=\"column\" data-e-type=\"column\">\n\t\t\t<div class=\"elementor-widget-wrap elementor-element-populated\">\n\t\t\t\t\t\t<div class=\"elementor-element elementor-element-efcc427 elementor-headline--style-highlight elementor-widget elementor-widget-animated-headline\" data-id=\"efcc427\" data-element_type=\"widget\" data-e-type=\"widget\" data-settings=\"{&quot;highlighted_text&quot;:&quot;4&quot;,&quot;headline_style&quot;:&quot;highlight&quot;,&quot;marker&quot;:&quot;circle&quot;,&quot;loop&quot;:&quot;yes&quot;,&quot;highlight_animation_duration&quot;:1200,&quot;highlight_iteration_delay&quot;:8000}\" data-widget_type=\"animated-headline.default\">\n\t\t\t\t<div class=\"elementor-widget-container\">\n\t\t\t\t\t\t\t<h3 class=\"elementor-headline\">\n\t\t\t\t<span class=\"elementor-headline-dynamic-wrapper elementor-headline-text-wrapper\">\n\t\t\t\t\t<span class=\"elementor-headline-dynamic-text elementor-headline-text-active\">4<\/span>\n\t\t\t\t<\/span>\n\t\t\t\t<\/h3>\n\t\t\t\t\t\t<\/div>\n\t\t\t\t<\/div>\n\t\t\t\t<div class=\"elementor-element elementor-element-54b2ba5 elementor-invisible elementor-widget elementor-widget-heading\" data-id=\"54b2ba5\" data-element_type=\"widget\" data-e-type=\"widget\" data-settings=\"{&quot;_animation&quot;:&quot;fadeInUp&quot;}\" data-widget_type=\"heading.default\">\n\t\t\t\t<div class=\"elementor-widget-container\">\n\t\t\t\t\t<h2 class=\"elementor-heading-title elementor-size-default\"><b> Le Palais Ducal de Nevers <\/b><br> Premier ch\u00e2teau de la Loire<\/h2>\t\t\t\t<\/div>\n\t\t\t\t<\/div>\n\t\t\t\t<div class=\"elementor-element elementor-element-4971d19 elementor-widget elementor-widget-text-editor\" data-id=\"4971d19\" data-element_type=\"widget\" data-e-type=\"widget\" data-widget_type=\"text-editor.default\">\n\t\t\t\t<div class=\"elementor-widget-container\">\n\t\t\t\t\t\t\t\t\t<p data-start=\"173\" data-end=\"483\"><span class=\"relative -mx-px my-[-0.2rem] rounded px-px py-[0.2rem] transition-colors duration-100 ease-in-out\">\u00c0 environ 30 km du g\u00eete, le Palais Ducal de Nevers est un \u00e9difice embl\u00e9matique du XVe si\u00e8cle, <strong>consid\u00e9r\u00e9 comme le premier ch\u00e2teau de la Loire.<\/strong><\/span> <span class=\"relative -mx-px my-[-0.2rem] rounded px-px py-[0.2rem] transition-colors duration-100 ease-in-out\">Ancienne r\u00e9sidence des comtes et ducs de Nevers, il abrite aujourd\u2019hui des expositions et le Centre d\u2019Interpr\u00e9tation de l\u2019Architecture et du Patrimoine.<\/span> <span class=\"relative -mx-px my-[-0.2rem] rounded px-px py-[0.2rem] transition-colors duration-100 ease-in-out\">Des visites guid\u00e9es sont propos\u00e9es d\u2019avril \u00e0 septembre pour d\u00e9couvrir son histoire et son architecture<\/span> .<\/p>\t\t\t\t\t\t\t\t<\/div>\n\t\t\t\t<\/div>\n\t\t\t\t<div class=\"elementor-element elementor-element-a901d2a elementor-align-center elementor-widget elementor-widget-button\" data-id=\"a901d2a\" data-element_type=\"widget\" data-e-type=\"widget\" data-widget_type=\"button.default\">\n\t\t\t\t<div class=\"elementor-widget-container\">\n\t\t\t\t\t\t\t\t\t<div class=\"elementor-button-wrapper\">\n\t\t\t\t\t<a class=\"elementor-button elementor-button-link elementor-size-sm\" href=\"https:\/\/www.nevers-tourisme.com\/explorer\/visiter-nevers\/notre-riche-heritage\/le-palais-ducal\/\">\n\t\t\t\t\t\t<span class=\"elementor-button-content-wrapper\">\n\t\t\t\t\t\t<span class=\"elementor-button-icon\">\n\t\t\t\t<i aria-hidden=\"true\" class=\"fas fa-long-arrow-alt-right\"><\/i>\t\t\t<\/span>\n\t\t\t\t\t\t\t\t\t<span class=\"elementor-button-text\">En savoir plus<\/span>\n\t\t\t\t\t<\/span>\n\t\t\t\t\t<\/a>\n\t\t\t\t<\/div>\n\t\t\t\t\t\t\t\t<\/div>\n\t\t\t\t<\/div>\n\t\t\t\t<div class=\"elementor-element elementor-element-3cfa85e elementor-widget elementor-widget-image\" data-id=\"3cfa85e\" data-element_type=\"widget\" data-e-type=\"widget\" data-widget_type=\"image.default\">\n\t\t\t\t<div class=\"elementor-widget-container\">\n\t\t\t\t\t\t\t\t\t\t\t\t<figure class=\"wp-caption\">\n\t\t\t\t\t\t\t\t\t\t<img loading=\"lazy\" decoding=\"async\" width=\"1000\" height=\"667\" src=\"https:\/\/gitedupetitmingot.fr\/wp-content\/uploads\/2025\/06\/AdobeStock_410988471-1-jpeg.webp\" class=\"attachment-full size-full wp-image-1349\" alt=\"\" srcset=\"https:\/\/gitedupetitmingot.fr\/wp-content\/uploads\/2025\/06\/AdobeStock_410988471-1-jpeg.webp 1000w, https:\/\/gitedupetitmingot.fr\/wp-content\/uploads\/2025\/06\/AdobeStock_410988471-1-300x200.webp 300w, https:\/\/gitedupetitmingot.fr\/wp-content\/uploads\/2025\/06\/AdobeStock_410988471-1-768x512.webp 768w\" sizes=\"(max-width: 1000px) 100vw, 1000px\" \/>\t\t\t\t\t\t\t\t\t\t\t<figcaption class=\"widget-image-caption wp-caption-text\">Le Palais Ducal de Nevers<\/figcaption>\n\t\t\t\t\t\t\t\t\t\t<\/figure>\n\t\t\t\t\t\t\t\t\t<\/div>\n\t\t\t\t<\/div>\n\t\t\t\t\t<\/div>\n\t\t<\/div>\n\t\t\t\t\t<\/div>\n\t\t<\/section>\n\t\t\t\t<section class=\"elementor-section elementor-top-section elementor-element elementor-element-109e421 elementor-section-boxed elementor-section-height-default elementor-section-height-default\" data-id=\"109e421\" data-element_type=\"section\" data-e-type=\"section\">\n\t\t\t\t\t\t<div class=\"elementor-container elementor-column-gap-default\">\n\t\t\t\t\t<div class=\"elementor-column elementor-col-100 elementor-top-column elementor-element elementor-element-f19d330\" data-id=\"f19d330\" data-element_type=\"column\" data-e-type=\"column\">\n\t\t\t<div class=\"elementor-widget-wrap elementor-element-populated\">\n\t\t\t\t\t\t<div class=\"elementor-element elementor-element-0c5ab3d elementor-headline--style-highlight elementor-widget elementor-widget-animated-headline\" data-id=\"0c5ab3d\" data-element_type=\"widget\" data-e-type=\"widget\" data-settings=\"{&quot;highlighted_text&quot;:&quot;5&quot;,&quot;headline_style&quot;:&quot;highlight&quot;,&quot;marker&quot;:&quot;circle&quot;,&quot;loop&quot;:&quot;yes&quot;,&quot;highlight_animation_duration&quot;:1200,&quot;highlight_iteration_delay&quot;:8000}\" data-widget_type=\"animated-headline.default\">\n\t\t\t\t<div class=\"elementor-widget-container\">\n\t\t\t\t\t\t\t<h3 class=\"elementor-headline\">\n\t\t\t\t<span class=\"elementor-headline-dynamic-wrapper elementor-headline-text-wrapper\">\n\t\t\t\t\t<span class=\"elementor-headline-dynamic-text elementor-headline-text-active\">5<\/span>\n\t\t\t\t<\/span>\n\t\t\t\t<\/h3>\n\t\t\t\t\t\t<\/div>\n\t\t\t\t<\/div>\n\t\t\t\t<div class=\"elementor-element elementor-element-e0e154e elementor-invisible elementor-widget elementor-widget-heading\" data-id=\"e0e154e\" data-element_type=\"widget\" data-e-type=\"widget\" data-settings=\"{&quot;_animation&quot;:&quot;fadeInUp&quot;}\" data-widget_type=\"heading.default\">\n\t\t\t\t<div class=\"elementor-widget-container\">\n\t\t\t\t\t<h2 class=\"elementor-heading-title elementor-size-default\"><b> Circuit de Nevers Magny-Cours <\/b> <br> Temple du sport automobile <\/br><\/h2>\t\t\t\t<\/div>\n\t\t\t\t<\/div>\n\t\t\t\t<div class=\"elementor-element elementor-element-4bb4643 elementor-widget elementor-widget-text-editor\" data-id=\"4bb4643\" data-element_type=\"widget\" data-e-type=\"widget\" data-widget_type=\"text-editor.default\">\n\t\t\t\t<div class=\"elementor-widget-container\">\n\t\t\t\t\t\t\t\t\t<p data-start=\"173\" data-end=\"483\"><span class=\"relative -mx-px my-[-0.2rem] rounded px-px py-[0.2rem] transition-colors duration-100 ease-in-out\">\u00c0 environ 20 km du g\u00eete, le Circuit de Nevers Magny-Cours est un lieu mythique pour les passionn\u00e9s de sport automobile.<\/span> <span class=\"relative -mx-px my-[-0.2rem] rounded px-px py-[0.2rem] transition-colors duration-100 ease-in-out\">Il accueille des \u00e9v\u00e9nements internationaux tels que le Superbike, les Classic Days, et propose des stages de pilotage sur ses diff\u00e9rentes pistes.<\/span> <span class=\"relative -mx-px my-[-0.2rem] rounded px-px py-[0.2rem] transition-colors duration-100 ease-in-out\">Le Conservatoire de la Monoplace Fran\u00e7aise, situ\u00e9 \u00e0 l\u2019entr\u00e9e du circuit, expose une collection unique de voitures de course, retra\u00e7ant l\u2019histoire du sport automobile fran\u00e7ais<\/span> .<\/p>\t\t\t\t\t\t\t\t<\/div>\n\t\t\t\t<\/div>\n\t\t\t\t<div class=\"elementor-element elementor-element-1629797 elementor-align-center elementor-widget elementor-widget-button\" data-id=\"1629797\" data-element_type=\"widget\" data-e-type=\"widget\" data-widget_type=\"button.default\">\n\t\t\t\t<div class=\"elementor-widget-container\">\n\t\t\t\t\t\t\t\t\t<div class=\"elementor-button-wrapper\">\n\t\t\t\t\t<a class=\"elementor-button elementor-button-link elementor-size-sm\" href=\"https:\/\/www.circuitmagnycours.com\/visite-conservatoire-monoplace\/?utm_source=chatgpt.com\">\n\t\t\t\t\t\t<span class=\"elementor-button-content-wrapper\">\n\t\t\t\t\t\t<span class=\"elementor-button-icon\">\n\t\t\t\t<i aria-hidden=\"true\" class=\"fas fa-long-arrow-alt-right\"><\/i>\t\t\t<\/span>\n\t\t\t\t\t\t\t\t\t<span class=\"elementor-button-text\">En savoir plus<\/span>\n\t\t\t\t\t<\/span>\n\t\t\t\t\t<\/a>\n\t\t\t\t<\/div>\n\t\t\t\t\t\t\t\t<\/div>\n\t\t\t\t<\/div>\n\t\t\t\t<div class=\"elementor-element elementor-element-c3357b3 elementor-widget elementor-widget-image\" data-id=\"c3357b3\" data-element_type=\"widget\" data-e-type=\"widget\" data-widget_type=\"image.default\">\n\t\t\t\t<div class=\"elementor-widget-container\">\n\t\t\t\t\t\t\t\t\t\t\t\t<figure class=\"wp-caption\">\n\t\t\t\t\t\t\t\t\t\t<img loading=\"lazy\" decoding=\"async\" width=\"1920\" height=\"1280\" src=\"https:\/\/gitedupetitmingot.fr\/wp-content\/uploads\/2025\/06\/CLASSIC_DAYS_2023_LIVE_SAMEDI_TRACK-15.webp\" class=\"attachment-full size-full wp-image-1351\" alt=\"\" srcset=\"https:\/\/gitedupetitmingot.fr\/wp-content\/uploads\/2025\/06\/CLASSIC_DAYS_2023_LIVE_SAMEDI_TRACK-15.webp 1920w, https:\/\/gitedupetitmingot.fr\/wp-content\/uploads\/2025\/06\/CLASSIC_DAYS_2023_LIVE_SAMEDI_TRACK-15-300x200.webp 300w, https:\/\/gitedupetitmingot.fr\/wp-content\/uploads\/2025\/06\/CLASSIC_DAYS_2023_LIVE_SAMEDI_TRACK-15-1024x683.webp 1024w, https:\/\/gitedupetitmingot.fr\/wp-content\/uploads\/2025\/06\/CLASSIC_DAYS_2023_LIVE_SAMEDI_TRACK-15-768x512.webp 768w, https:\/\/gitedupetitmingot.fr\/wp-content\/uploads\/2025\/06\/CLASSIC_DAYS_2023_LIVE_SAMEDI_TRACK-15-1536x1024.webp 1536w\" sizes=\"(max-width: 1920px) 100vw, 1920px\" \/>\t\t\t\t\t\t\t\t\t\t\t<figcaption class=\"widget-image-caption wp-caption-text\">Source : www.classic-days.fr<\/figcaption>\n\t\t\t\t\t\t\t\t\t\t<\/figure>\n\t\t\t\t\t\t\t\t\t<\/div>\n\t\t\t\t<\/div>\n\t\t\t\t\t<\/div>\n\t\t<\/div>\n\t\t\t\t\t<\/div>\n\t\t<\/section>\n\t\t\t\t<section class=\"elementor-section elementor-top-section elementor-element elementor-element-617a8ca elementor-section-boxed elementor-section-height-default elementor-section-height-default\" data-id=\"617a8ca\" data-element_type=\"section\" data-e-type=\"section\">\n\t\t\t\t\t\t<div class=\"elementor-container elementor-column-gap-default\">\n\t\t\t\t\t<div class=\"elementor-column elementor-col-100 elementor-top-column elementor-element elementor-element-cb54497\" data-id=\"cb54497\" data-element_type=\"column\" data-e-type=\"column\">\n\t\t\t<div class=\"elementor-widget-wrap elementor-element-populated\">\n\t\t\t\t\t\t<div class=\"elementor-element elementor-element-9e01798 elementor-widget elementor-widget-text-editor\" data-id=\"9e01798\" data-element_type=\"widget\" data-e-type=\"widget\" data-widget_type=\"text-editor.default\">\n\t\t\t\t<div class=\"elementor-widget-container\">\n\t\t\t\t\t\t\t\t\t<p data-start=\"173\" data-end=\"483\"><strong>Ces cinq sites offrent une diversit\u00e9 d\u2019exp\u00e9riences, entre nature pr\u00e9serv\u00e9e, patrimoine historique et sensations fortes, \u00e0 d\u00e9couvrir lors de votre s\u00e9jour au G\u00eete du Petit Mingot.<\/strong><\/p>\t\t\t\t\t\t\t\t<\/div>\n\t\t\t\t<\/div>\n\t\t\t\t\t<\/div>\n\t\t<\/div>\n\t\t\t\t\t<\/div>\n\t\t<\/section>\n\t\t\t\t<\/div>\n\t\t","protected":false},"excerpt":{"rendered":"<p>Situ\u00e9 au c\u0153ur du Sud Nivernais, le G\u00eete du Petit Mingot est le point de d\u00e9part id\u00e9al pour explorer les tr\u00e9sors culturels et naturels de la r\u00e9gion. Voici cinq sites incontournables \u00e0 d\u00e9couvrir \u00e0 proximit\u00e9 : 1 Le Bec d\u2019Allier Confluence sauvage entre Loire et Allier \u00c0 environ 30 minutes du g\u00eete, le Bec d\u2019Allier [&hellip;]<\/p>\n","protected":false},"author":1,"featured_media":604,"comment_status":"closed","ping_status":"closed","sticky":false,"template":"","format":"standard","meta":{"site-sidebar-layout":"default","site-content-layout":"","ast-site-content-layout":"default","site-content-style":"default","site-sidebar-style":"default","ast-global-header-display":"","ast-banner-title-visibility":"","ast-main-header-display":"","ast-hfb-above-header-display":"","ast-hfb-below-header-display":"","ast-hfb-mobile-header-display":"","site-post-title":"","ast-breadcrumbs-content":"","ast-featured-img":"","footer-sml-layout":"","ast-disable-related-posts":"","theme-transparent-header-meta":"default","adv-header-id-meta":"","stick-header-meta":"","header-above-stick-meta":"","header-main-stick-meta":"","header-below-stick-meta":"","astra-migrate-meta-layouts":"set","ast-page-background-enabled":"default","ast-page-background-meta":{"desktop":{"background-color":"","background-image":"","background-repeat":"repeat","background-position":"center center","background-size":"auto","background-attachment":"scroll","background-type":"","background-media":"","overlay-type":"","overlay-color":"","overlay-opacity":"","overlay-gradient":""},"tablet":{"background-color":"","background-image":"","background-repeat":"repeat","background-position":"center center","background-size":"auto","background-attachment":"scroll","background-type":"","background-media":"","overlay-type":"","overlay-color":"","overlay-opacity":"","overlay-gradient":""},"mobile":{"background-color":"","background-image":"","background-repeat":"repeat","background-position":"center center","background-size":"auto","background-attachment":"scroll","background-type":"","background-media":"","overlay-type":"","overlay-color":"","overlay-opacity":"","overlay-gradient":""}},"ast-content-background-meta":{"desktop":{"background-color":"var(--ast-global-color-5)","background-image":"","background-repeat":"repeat","background-position":"center center","background-size":"auto","background-attachment":"scroll","background-type":"","background-media":"","overlay-type":"","overlay-color":"","overlay-opacity":"","overlay-gradient":""},"tablet":{"background-color":"var(--ast-global-color-5)","background-image":"","background-repeat":"repeat","background-position":"center center","background-size":"auto","background-attachment":"scroll","background-type":"","background-media":"","overlay-type":"","overlay-color":"","overlay-opacity":"","overlay-gradient":""},"mobile":{"background-color":"var(--ast-global-color-5)","background-image":"","background-repeat":"repeat","background-position":"center center","background-size":"auto","background-attachment":"scroll","background-type":"","background-media":"","overlay-type":"","overlay-color":"","overlay-opacity":"","overlay-gradient":""}},"footnotes":""},"categories":[22],"tags":[],"class_list":["post-1343","post","type-post","status-publish","format-standard","has-post-thumbnail","hentry","category-uncategorized-fr"],"yoast_head":"<!-- This site is optimized with the Yoast SEO plugin v27.4 - https:\/\/yoast.com\/product\/yoast-seo-wordpress\/ -->\n<title>\ud83e\udded 5 lieux incontournables \u00e0 visiter autour du G\u00eete du Petit Mingot - G\u00eete Le Petit Mingot<\/title>\n<meta name=\"robots\" content=\"index, follow, max-snippet:-1, max-image-preview:large, max-video-preview:-1\" \/>\n<link rel=\"canonical\" href=\"https:\/\/gitedupetitmingot.fr\/index.php\/fr\/2025\/06\/05\/5-lieux-incontournables-a-visiter-autour-du-gite-du-petit-mingot\/\" \/>\n<meta property=\"og:locale\" content=\"en_US\" \/>\n<meta property=\"og:type\" content=\"article\" \/>\n<meta property=\"og:title\" content=\"\ud83e\udded 5 lieux incontournables \u00e0 visiter autour du G\u00eete du Petit Mingot - G\u00eete Le Petit Mingot\" \/>\n<meta property=\"og:description\" content=\"Situ\u00e9 au c\u0153ur du Sud Nivernais, le G\u00eete du Petit Mingot est le point de d\u00e9part id\u00e9al pour explorer les tr\u00e9sors culturels et naturels de la r\u00e9gion. Voici cinq sites incontournables \u00e0 d\u00e9couvrir \u00e0 proximit\u00e9 : 1 Le Bec d\u2019Allier Confluence sauvage entre Loire et Allier \u00c0 environ 30 minutes du g\u00eete, le Bec d\u2019Allier [&hellip;]\" \/>\n<meta property=\"og:url\" content=\"https:\/\/gitedupetitmingot.fr\/index.php\/fr\/2025\/06\/05\/5-lieux-incontournables-a-visiter-autour-du-gite-du-petit-mingot\/\" \/>\n<meta property=\"og:site_name\" content=\"G\u00eete Le Petit Mingot\" \/>\n<meta property=\"article:published_time\" content=\"2025-06-05T16:25:53+00:00\" \/>\n<meta property=\"article:modified_time\" content=\"2025-09-25T12:52:40+00:00\" \/>\n<meta property=\"og:image\" content=\"https:\/\/gitedupetitmingot.fr\/wp-content\/uploads\/2023\/03\/AdobeStock_287175597-1.jpeg\" \/>\n\t<meta property=\"og:image:width\" content=\"1199\" \/>\n\t<meta property=\"og:image:height\" content=\"799\" \/>\n\t<meta property=\"og:image:type\" content=\"image\/jpeg\" \/>\n<meta name=\"author\" content=\"admin5570\" \/>\n<meta name=\"twitter:card\" content=\"summary_large_image\" \/>\n<meta name=\"twitter:label1\" content=\"Written by\" \/>\n\t<meta name=\"twitter:data1\" content=\"admin5570\" \/>\n\t<meta name=\"twitter:label2\" content=\"Est. reading time\" \/>\n\t<meta name=\"twitter:data2\" content=\"4 minutes\" \/>\n<script type=\"application\/ld+json\" class=\"yoast-schema-graph\">{\"@context\":\"https:\\\/\\\/schema.org\",\"@graph\":[{\"@type\":\"Article\",\"@id\":\"https:\\\/\\\/gitedupetitmingot.fr\\\/index.php\\\/fr\\\/2025\\\/06\\\/05\\\/5-lieux-incontournables-a-visiter-autour-du-gite-du-petit-mingot\\\/#article\",\"isPartOf\":{\"@id\":\"https:\\\/\\\/gitedupetitmingot.fr\\\/index.php\\\/fr\\\/2025\\\/06\\\/05\\\/5-lieux-incontournables-a-visiter-autour-du-gite-du-petit-mingot\\\/\"},\"author\":{\"name\":\"admin5570\",\"@id\":\"https:\\\/\\\/gitedupetitmingot.fr\\\/#\\\/schema\\\/person\\\/a68d2605e7b7f820e903517811913034\"},\"headline\":\"\ud83e\udded 5 lieux incontournables \u00e0 visiter autour du G\u00eete du Petit Mingot\",\"datePublished\":\"2025-06-05T16:25:53+00:00\",\"dateModified\":\"2025-09-25T12:52:40+00:00\",\"mainEntityOfPage\":{\"@id\":\"https:\\\/\\\/gitedupetitmingot.fr\\\/index.php\\\/fr\\\/2025\\\/06\\\/05\\\/5-lieux-incontournables-a-visiter-autour-du-gite-du-petit-mingot\\\/\"},\"wordCount\":527,\"publisher\":{\"@id\":\"https:\\\/\\\/gitedupetitmingot.fr\\\/#organization\"},\"image\":{\"@id\":\"https:\\\/\\\/gitedupetitmingot.fr\\\/index.php\\\/fr\\\/2025\\\/06\\\/05\\\/5-lieux-incontournables-a-visiter-autour-du-gite-du-petit-mingot\\\/#primaryimage\"},\"thumbnailUrl\":\"https:\\\/\\\/gitedupetitmingot.fr\\\/wp-content\\\/uploads\\\/2023\\\/03\\\/AdobeStock_287175597-1.jpeg\",\"inLanguage\":\"en-US\"},{\"@type\":\"WebPage\",\"@id\":\"https:\\\/\\\/gitedupetitmingot.fr\\\/index.php\\\/fr\\\/2025\\\/06\\\/05\\\/5-lieux-incontournables-a-visiter-autour-du-gite-du-petit-mingot\\\/\",\"url\":\"https:\\\/\\\/gitedupetitmingot.fr\\\/index.php\\\/fr\\\/2025\\\/06\\\/05\\\/5-lieux-incontournables-a-visiter-autour-du-gite-du-petit-mingot\\\/\",\"name\":\"\ud83e\udded 5 lieux incontournables \u00e0 visiter autour du G\u00eete du Petit Mingot - G\u00eete Le Petit Mingot\",\"isPartOf\":{\"@id\":\"https:\\\/\\\/gitedupetitmingot.fr\\\/#website\"},\"primaryImageOfPage\":{\"@id\":\"https:\\\/\\\/gitedupetitmingot.fr\\\/index.php\\\/fr\\\/2025\\\/06\\\/05\\\/5-lieux-incontournables-a-visiter-autour-du-gite-du-petit-mingot\\\/#primaryimage\"},\"image\":{\"@id\":\"https:\\\/\\\/gitedupetitmingot.fr\\\/index.php\\\/fr\\\/2025\\\/06\\\/05\\\/5-lieux-incontournables-a-visiter-autour-du-gite-du-petit-mingot\\\/#primaryimage\"},\"thumbnailUrl\":\"https:\\\/\\\/gitedupetitmingot.fr\\\/wp-content\\\/uploads\\\/2023\\\/03\\\/AdobeStock_287175597-1.jpeg\",\"datePublished\":\"2025-06-05T16:25:53+00:00\",\"dateModified\":\"2025-09-25T12:52:40+00:00\",\"breadcrumb\":{\"@id\":\"https:\\\/\\\/gitedupetitmingot.fr\\\/index.php\\\/fr\\\/2025\\\/06\\\/05\\\/5-lieux-incontournables-a-visiter-autour-du-gite-du-petit-mingot\\\/#breadcrumb\"},\"inLanguage\":\"en-US\",\"potentialAction\":[{\"@type\":\"ReadAction\",\"target\":[\"https:\\\/\\\/gitedupetitmingot.fr\\\/index.php\\\/fr\\\/2025\\\/06\\\/05\\\/5-lieux-incontournables-a-visiter-autour-du-gite-du-petit-mingot\\\/\"]}]},{\"@type\":\"ImageObject\",\"inLanguage\":\"en-US\",\"@id\":\"https:\\\/\\\/gitedupetitmingot.fr\\\/index.php\\\/fr\\\/2025\\\/06\\\/05\\\/5-lieux-incontournables-a-visiter-autour-du-gite-du-petit-mingot\\\/#primaryimage\",\"url\":\"https:\\\/\\\/gitedupetitmingot.fr\\\/wp-content\\\/uploads\\\/2023\\\/03\\\/AdobeStock_287175597-1.jpeg\",\"contentUrl\":\"https:\\\/\\\/gitedupetitmingot.fr\\\/wp-content\\\/uploads\\\/2023\\\/03\\\/AdobeStock_287175597-1.jpeg\",\"width\":1199,\"height\":799},{\"@type\":\"BreadcrumbList\",\"@id\":\"https:\\\/\\\/gitedupetitmingot.fr\\\/index.php\\\/fr\\\/2025\\\/06\\\/05\\\/5-lieux-incontournables-a-visiter-autour-du-gite-du-petit-mingot\\\/#breadcrumb\",\"itemListElement\":[{\"@type\":\"ListItem\",\"position\":1,\"name\":\"Home\",\"item\":\"https:\\\/\\\/gitedupetitmingot.fr\\\/index.php\\\/fr\\\/gite-familial-nievre-decize-nevers\\\/\"},{\"@type\":\"ListItem\",\"position\":2,\"name\":\"\ud83e\udded 5 lieux incontournables \u00e0 visiter autour du G\u00eete du Petit Mingot\"}]},{\"@type\":\"WebSite\",\"@id\":\"https:\\\/\\\/gitedupetitmingot.fr\\\/#website\",\"url\":\"https:\\\/\\\/gitedupetitmingot.fr\\\/\",\"name\":\"G\u00eete Le Petit Mingot\",\"description\":\"\",\"publisher\":{\"@id\":\"https:\\\/\\\/gitedupetitmingot.fr\\\/#organization\"},\"potentialAction\":[{\"@type\":\"SearchAction\",\"target\":{\"@type\":\"EntryPoint\",\"urlTemplate\":\"https:\\\/\\\/gitedupetitmingot.fr\\\/?s={search_term_string}\"},\"query-input\":{\"@type\":\"PropertyValueSpecification\",\"valueRequired\":true,\"valueName\":\"search_term_string\"}}],\"inLanguage\":\"en-US\"},{\"@type\":\"Organization\",\"@id\":\"https:\\\/\\\/gitedupetitmingot.fr\\\/#organization\",\"name\":\"G\u00eete Le Petit Mingot\",\"url\":\"https:\\\/\\\/gitedupetitmingot.fr\\\/\",\"logo\":{\"@type\":\"ImageObject\",\"inLanguage\":\"en-US\",\"@id\":\"https:\\\/\\\/gitedupetitmingot.fr\\\/#\\\/schema\\\/logo\\\/image\\\/\",\"url\":\"https:\\\/\\\/gitedupetitmingot.fr\\\/wp-content\\\/uploads\\\/2025\\\/06\\\/cropped-Logo-Gite-du-Petit-Mingot.png\",\"contentUrl\":\"https:\\\/\\\/gitedupetitmingot.fr\\\/wp-content\\\/uploads\\\/2025\\\/06\\\/cropped-Logo-Gite-du-Petit-Mingot.png\",\"width\":800,\"height\":800,\"caption\":\"G\u00eete Le Petit Mingot\"},\"image\":{\"@id\":\"https:\\\/\\\/gitedupetitmingot.fr\\\/#\\\/schema\\\/logo\\\/image\\\/\"}},{\"@type\":\"Person\",\"@id\":\"https:\\\/\\\/gitedupetitmingot.fr\\\/#\\\/schema\\\/person\\\/a68d2605e7b7f820e903517811913034\",\"name\":\"admin5570\",\"url\":\"https:\\\/\\\/gitedupetitmingot.fr\\\/index.php\\\/author\\\/admin5570\\\/\"}]}<\/script>\n<!-- \/ Yoast SEO plugin. -->","yoast_head_json":{"title":"\ud83e\udded 5 lieux incontournables \u00e0 visiter autour du G\u00eete du Petit Mingot - G\u00eete Le Petit Mingot","robots":{"index":"index","follow":"follow","max-snippet":"max-snippet:-1","max-image-preview":"max-image-preview:large","max-video-preview":"max-video-preview:-1"},"canonical":"https:\/\/gitedupetitmingot.fr\/index.php\/fr\/2025\/06\/05\/5-lieux-incontournables-a-visiter-autour-du-gite-du-petit-mingot\/","og_locale":"en_US","og_type":"article","og_title":"\ud83e\udded 5 lieux incontournables \u00e0 visiter autour du G\u00eete du Petit Mingot - G\u00eete Le Petit Mingot","og_description":"Situ\u00e9 au c\u0153ur du Sud Nivernais, le G\u00eete du Petit Mingot est le point de d\u00e9part id\u00e9al pour explorer les tr\u00e9sors culturels et naturels de la r\u00e9gion. Voici cinq sites incontournables \u00e0 d\u00e9couvrir \u00e0 proximit\u00e9 : 1 Le Bec d\u2019Allier Confluence sauvage entre Loire et Allier \u00c0 environ 30 minutes du g\u00eete, le Bec d\u2019Allier [&hellip;]","og_url":"https:\/\/gitedupetitmingot.fr\/index.php\/fr\/2025\/06\/05\/5-lieux-incontournables-a-visiter-autour-du-gite-du-petit-mingot\/","og_site_name":"G\u00eete Le Petit Mingot","article_published_time":"2025-06-05T16:25:53+00:00","article_modified_time":"2025-09-25T12:52:40+00:00","og_image":[{"width":1199,"height":799,"url":"https:\/\/gitedupetitmingot.fr\/wp-content\/uploads\/2023\/03\/AdobeStock_287175597-1.jpeg","type":"image\/jpeg"}],"author":"admin5570","twitter_card":"summary_large_image","twitter_misc":{"Written by":"admin5570","Est. reading time":"4 minutes"},"schema":{"@context":"https:\/\/schema.org","@graph":[{"@type":"Article","@id":"https:\/\/gitedupetitmingot.fr\/index.php\/fr\/2025\/06\/05\/5-lieux-incontournables-a-visiter-autour-du-gite-du-petit-mingot\/#article","isPartOf":{"@id":"https:\/\/gitedupetitmingot.fr\/index.php\/fr\/2025\/06\/05\/5-lieux-incontournables-a-visiter-autour-du-gite-du-petit-mingot\/"},"author":{"name":"admin5570","@id":"https:\/\/gitedupetitmingot.fr\/#\/schema\/person\/a68d2605e7b7f820e903517811913034"},"headline":"\ud83e\udded 5 lieux incontournables \u00e0 visiter autour du G\u00eete du Petit Mingot","datePublished":"2025-06-05T16:25:53+00:00","dateModified":"2025-09-25T12:52:40+00:00","mainEntityOfPage":{"@id":"https:\/\/gitedupetitmingot.fr\/index.php\/fr\/2025\/06\/05\/5-lieux-incontournables-a-visiter-autour-du-gite-du-petit-mingot\/"},"wordCount":527,"publisher":{"@id":"https:\/\/gitedupetitmingot.fr\/#organization"},"image":{"@id":"https:\/\/gitedupetitmingot.fr\/index.php\/fr\/2025\/06\/05\/5-lieux-incontournables-a-visiter-autour-du-gite-du-petit-mingot\/#primaryimage"},"thumbnailUrl":"https:\/\/gitedupetitmingot.fr\/wp-content\/uploads\/2023\/03\/AdobeStock_287175597-1.jpeg","inLanguage":"en-US"},{"@type":"WebPage","@id":"https:\/\/gitedupetitmingot.fr\/index.php\/fr\/2025\/06\/05\/5-lieux-incontournables-a-visiter-autour-du-gite-du-petit-mingot\/","url":"https:\/\/gitedupetitmingot.fr\/index.php\/fr\/2025\/06\/05\/5-lieux-incontournables-a-visiter-autour-du-gite-du-petit-mingot\/","name":"\ud83e\udded 5 lieux incontournables \u00e0 visiter autour du G\u00eete du Petit Mingot - G\u00eete Le Petit Mingot","isPartOf":{"@id":"https:\/\/gitedupetitmingot.fr\/#website"},"primaryImageOfPage":{"@id":"https:\/\/gitedupetitmingot.fr\/index.php\/fr\/2025\/06\/05\/5-lieux-incontournables-a-visiter-autour-du-gite-du-petit-mingot\/#primaryimage"},"image":{"@id":"https:\/\/gitedupetitmingot.fr\/index.php\/fr\/2025\/06\/05\/5-lieux-incontournables-a-visiter-autour-du-gite-du-petit-mingot\/#primaryimage"},"thumbnailUrl":"https:\/\/gitedupetitmingot.fr\/wp-content\/uploads\/2023\/03\/AdobeStock_287175597-1.jpeg","datePublished":"2025-06-05T16:25:53+00:00","dateModified":"2025-09-25T12:52:40+00:00","breadcrumb":{"@id":"https:\/\/gitedupetitmingot.fr\/index.php\/fr\/2025\/06\/05\/5-lieux-incontournables-a-visiter-autour-du-gite-du-petit-mingot\/#breadcrumb"},"inLanguage":"en-US","potentialAction":[{"@type":"ReadAction","target":["https:\/\/gitedupetitmingot.fr\/index.php\/fr\/2025\/06\/05\/5-lieux-incontournables-a-visiter-autour-du-gite-du-petit-mingot\/"]}]},{"@type":"ImageObject","inLanguage":"en-US","@id":"https:\/\/gitedupetitmingot.fr\/index.php\/fr\/2025\/06\/05\/5-lieux-incontournables-a-visiter-autour-du-gite-du-petit-mingot\/#primaryimage","url":"https:\/\/gitedupetitmingot.fr\/wp-content\/uploads\/2023\/03\/AdobeStock_287175597-1.jpeg","contentUrl":"https:\/\/gitedupetitmingot.fr\/wp-content\/uploads\/2023\/03\/AdobeStock_287175597-1.jpeg","width":1199,"height":799},{"@type":"BreadcrumbList","@id":"https:\/\/gitedupetitmingot.fr\/index.php\/fr\/2025\/06\/05\/5-lieux-incontournables-a-visiter-autour-du-gite-du-petit-mingot\/#breadcrumb","itemListElement":[{"@type":"ListItem","position":1,"name":"Home","item":"https:\/\/gitedupetitmingot.fr\/index.php\/fr\/gite-familial-nievre-decize-nevers\/"},{"@type":"ListItem","position":2,"name":"\ud83e\udded 5 lieux incontournables \u00e0 visiter autour du G\u00eete du Petit Mingot"}]},{"@type":"WebSite","@id":"https:\/\/gitedupetitmingot.fr\/#website","url":"https:\/\/gitedupetitmingot.fr\/","name":"G\u00eete Le Petit Mingot","description":"","publisher":{"@id":"https:\/\/gitedupetitmingot.fr\/#organization"},"potentialAction":[{"@type":"SearchAction","target":{"@type":"EntryPoint","urlTemplate":"https:\/\/gitedupetitmingot.fr\/?s={search_term_string}"},"query-input":{"@type":"PropertyValueSpecification","valueRequired":true,"valueName":"search_term_string"}}],"inLanguage":"en-US"},{"@type":"Organization","@id":"https:\/\/gitedupetitmingot.fr\/#organization","name":"G\u00eete Le Petit Mingot","url":"https:\/\/gitedupetitmingot.fr\/","logo":{"@type":"ImageObject","inLanguage":"en-US","@id":"https:\/\/gitedupetitmingot.fr\/#\/schema\/logo\/image\/","url":"https:\/\/gitedupetitmingot.fr\/wp-content\/uploads\/2025\/06\/cropped-Logo-Gite-du-Petit-Mingot.png","contentUrl":"https:\/\/gitedupetitmingot.fr\/wp-content\/uploads\/2025\/06\/cropped-Logo-Gite-du-Petit-Mingot.png","width":800,"height":800,"caption":"G\u00eete Le Petit Mingot"},"image":{"@id":"https:\/\/gitedupetitmingot.fr\/#\/schema\/logo\/image\/"}},{"@type":"Person","@id":"https:\/\/gitedupetitmingot.fr\/#\/schema\/person\/a68d2605e7b7f820e903517811913034","name":"admin5570","url":"https:\/\/gitedupetitmingot.fr\/index.php\/author\/admin5570\/"}]}},"_links":{"self":[{"href":"https:\/\/gitedupetitmingot.fr\/index.php\/wp-json\/wp\/v2\/posts\/1343","targetHints":{"allow":["GET"]}}],"collection":[{"href":"https:\/\/gitedupetitmingot.fr\/index.php\/wp-json\/wp\/v2\/posts"}],"about":[{"href":"https:\/\/gitedupetitmingot.fr\/index.php\/wp-json\/wp\/v2\/types\/post"}],"author":[{"embeddable":true,"href":"https:\/\/gitedupetitmingot.fr\/index.php\/wp-json\/wp\/v2\/users\/1"}],"replies":[{"embeddable":true,"href":"https:\/\/gitedupetitmingot.fr\/index.php\/wp-json\/wp\/v2\/comments?post=1343"}],"version-history":[{"count":5,"href":"https:\/\/gitedupetitmingot.fr\/index.php\/wp-json\/wp\/v2\/posts\/1343\/revisions"}],"predecessor-version":[{"id":1626,"href":"https:\/\/gitedupetitmingot.fr\/index.php\/wp-json\/wp\/v2\/posts\/1343\/revisions\/1626"}],"wp:featuredmedia":[{"embeddable":true,"href":"https:\/\/gitedupetitmingot.fr\/index.php\/wp-json\/wp\/v2\/media\/604"}],"wp:attachment":[{"href":"https:\/\/gitedupetitmingot.fr\/index.php\/wp-json\/wp\/v2\/media?parent=1343"}],"wp:term":[{"taxonomy":"category","embeddable":true,"href":"https:\/\/gitedupetitmingot.fr\/index.php\/wp-json\/wp\/v2\/categories?post=1343"},{"taxonomy":"post_tag","embeddable":true,"href":"https:\/\/gitedupetitmingot.fr\/index.php\/wp-json\/wp\/v2\/tags?post=1343"}],"curies":[{"name":"wp","href":"https:\/\/api.w.org\/{rel}","templated":true}]}}